{"id":679,"date":"2021-03-06T17:05:26","date_gmt":"2021-03-06T16:05:26","guid":{"rendered":"https:\/\/smlfashion.pl\/blog\/?p=679"},"modified":"2021-03-14T00:26:28","modified_gmt":"2021-03-13T23:26:28","slug":"edith-obcisla-sukienka-z-materialu-o-prazkowanej-fakturze","status":"publish","type":"post","link":"https:\/\/smlfashion.pl\/blog\/edith-obcisla-sukienka-z-materialu-o-prazkowanej-fakturze\/","title":{"rendered":"Edith obcis\u0142a sukienka z materia\u0142u o pr\u0105\u017ckowanej fakturze"},"content":{"rendered":"<div>\n<p>????? ?????\u0142? <a href=\"https:\/\/www.smlfashion.pl\">sukienka<\/a> ? ???????\u0142? ? ???\u0328?\u0307??????? ???????? ??? ??\u0328??????? ???????\u0301?? ????? ?????? ???????? ????????. ?????????? ?????\u0301?????? ? ??????? ???????????? ?????? ? ????????, ?????? ??\u0142??\u0301?? ????\u0328??????? ??????????.??????? ?????? ??? ???\u0328 ???? ?????????? ??? ??? ??? ???? ?????? ?? ? ? ? \u2800<\/p>\n<p><!--more--><\/p>\n<p>#moda2021 #smlfashion #poznan #butik #skleponline #stylizacje #jesiennystyl #polskamodelka #model #reddress #autumnvibes #polskakobieta #polishgirl #polskadziewczyna #sukienka #warszawagirl #brunette #stylizacja #wroclawgirl #krakowgirl #warsawgirl #brunetka #selfie #Warszawa #krako\u0301w #saturdayselfie #sobota #ladyinred #reddress #dresstoimpress \u2800 S\u0301wietne stylizacje w super cenach ? Wysy\u0142ka w 24h ? ???\u0307??? ?????\u0301 ????? \u27a1\ufe0f <a href=\"https:\/\/www.smlfashion.pl\">www.smlfashion.pl<\/a><\/p>\n<p>&nbsp;<\/p>\n<p><img decoding=\"async\" class=\"aligncenter\" style=\"max-width: 600px;\" src=\"https:\/\/scontent-iad3-1.cdninstagram.com\/v\/t51.2885-15\/156905248_1109607636130834_1557905255385626964_n.jpg?_nc_cat=111&amp;ccb=1-3&amp;_nc_sid=8ae9d6&amp;_nc_ohc=qc-N0tT8r8cAX9lVetD&amp;_nc_ht=scontent-iad3-1.cdninstagram.com&amp;oh=240f7ce2610f5fd09c7b5f38ac6202b3&amp;oe=60682AAE\" \/><\/p>\n<\/div>\n<p>&nbsp;<\/p>\n","protected":false},"excerpt":{"rendered":"<p>????? ?????\u0142? sukienka ? ???????\u0142? ? ???\u0328?\u0307??????? ???????? ??? ??\u0328??????? ???????\u0301?? ????? ?????? ???????? ????????. ?????????? ?????\u0301?????? ? ??????? ???????????? ?????? ? ????????, ?????? ??\u0142??\u0301?? ????\u0328??????? ??????????.??????? ?????? ??? ???\u0328 ???? ?????????? ??? ??? ??? ???? ?????? ?? ? ? ? \u2800<\/p>\n","protected":false},"author":1,"featured_media":922,"comment_status":"open","ping_status":"open","sticky":false,"template":"","format":"image","meta":{"footnotes":""},"categories":[3],"tags":[47,16,49,23,48],"yoast_head":"<!-- This site is optimized with the Yoast SEO plugin v20.4 - https:\/\/yoast.com\/wordpress\/plugins\/seo\/ -->\n<title>Edith obcis\u0142a sukienka z materia\u0142u o pr\u0105\u017ckowanej fakturze - blog modowy smlfashion.pl<\/title>\n<meta name=\"robots\" content=\"index, follow, max-snippet:-1, max-image-preview:large, max-video-preview:-1\" \/>\n<link rel=\"canonical\" href=\"https:\/\/smlfashion.pl\/blog\/edith-obcisla-sukienka-z-materialu-o-prazkowanej-fakturze\/\" \/>\n<meta property=\"og:locale\" content=\"pl_PL\" \/>\n<meta property=\"og:type\" content=\"article\" \/>\n<meta property=\"og:title\" content=\"Edith obcis\u0142a sukienka z materia\u0142u o pr\u0105\u017ckowanej fakturze - blog modowy smlfashion.pl\" \/>\n<meta property=\"og:description\" content=\"????? ?????\u0142? sukienka ? ???????\u0142? ? ???\u0328?\u0307??????? ???????? ??? ??\u0328??????? ???????\u0301?? ????? ?????? ???????? ????????. ?????????? ?????\u0301?????? ? ??????? ???????????? ?????? ? ????????, ?????? ??\u0142??\u0301?? ????\u0328??????? ??????????.??????? ?????? ??? ???\u0328 ???? ?????????? ??? ??? ??? ???? ?????? ?? ? ? ? \u2800\" \/>\n<meta property=\"og:url\" content=\"https:\/\/smlfashion.pl\/blog\/edith-obcisla-sukienka-z-materialu-o-prazkowanej-fakturze\/\" \/>\n<meta property=\"og:site_name\" content=\"blog modowy smlfashion.pl\" \/>\n<meta property=\"article:published_time\" content=\"2021-03-06T16:05:26+00:00\" \/>\n<meta property=\"article:modified_time\" content=\"2021-03-13T23:26:28+00:00\" \/>\n<meta property=\"og:image\" content=\"https:\/\/smlfashion.pl\/blog\/wp-content\/uploads\/2021\/03\/156905248_1109607636130834_1557905255385626964_n-1.jpg\" \/>\n\t<meta property=\"og:image:width\" content=\"720\" \/>\n\t<meta property=\"og:image:height\" content=\"900\" \/>\n\t<meta property=\"og:image:type\" content=\"image\/jpeg\" \/>\n<meta name=\"author\" content=\"smlfashion\" \/>\n<meta name=\"twitter:card\" content=\"summary_large_image\" \/>\n<meta name=\"twitter:label1\" content=\"Napisane przez\" \/>\n\t<meta name=\"twitter:data1\" content=\"smlfashion\" \/>\n<script type=\"application\/ld+json\" class=\"yoast-schema-graph\">{\"@context\":\"https:\/\/schema.org\",\"@graph\":[{\"@type\":\"WebPage\",\"@id\":\"https:\/\/smlfashion.pl\/blog\/edith-obcisla-sukienka-z-materialu-o-prazkowanej-fakturze\/\",\"url\":\"https:\/\/smlfashion.pl\/blog\/edith-obcisla-sukienka-z-materialu-o-prazkowanej-fakturze\/\",\"name\":\"Edith obcis\u0142a sukienka z materia\u0142u o pr\u0105\u017ckowanej fakturze - blog modowy smlfashion.pl\",\"isPartOf\":{\"@id\":\"https:\/\/smlfashion.pl\/blog\/#website\"},\"datePublished\":\"2021-03-06T16:05:26+00:00\",\"dateModified\":\"2021-03-13T23:26:28+00:00\",\"author\":{\"@id\":\"https:\/\/smlfashion.pl\/blog\/#\/schema\/person\/45312f4ceaeb56089a3ae1390b2d9423\"},\"breadcrumb\":{\"@id\":\"https:\/\/smlfashion.pl\/blog\/edith-obcisla-sukienka-z-materialu-o-prazkowanej-fakturze\/#breadcrumb\"},\"inLanguage\":\"pl-PL\",\"potentialAction\":[{\"@type\":\"ReadAction\",\"target\":[\"https:\/\/smlfashion.pl\/blog\/edith-obcisla-sukienka-z-materialu-o-prazkowanej-fakturze\/\"]}]},{\"@type\":\"BreadcrumbList\",\"@id\":\"https:\/\/smlfashion.pl\/blog\/edith-obcisla-sukienka-z-materialu-o-prazkowanej-fakturze\/#breadcrumb\",\"itemListElement\":[{\"@type\":\"ListItem\",\"position\":1,\"name\":\"Strona g\u0142\u00f3wna\",\"item\":\"https:\/\/smlfashion.pl\/blog\/\"},{\"@type\":\"ListItem\",\"position\":2,\"name\":\"Edith obcis\u0142a sukienka z materia\u0142u o pr\u0105\u017ckowanej fakturze\"}]},{\"@type\":\"WebSite\",\"@id\":\"https:\/\/smlfashion.pl\/blog\/#website\",\"url\":\"https:\/\/smlfashion.pl\/blog\/\",\"name\":\"blog modowy smlfashion.pl\",\"description\":\"blog modowy smlfashion.pl - inspiracje, moda, trendy, stylizacje.\",\"potentialAction\":[{\"@type\":\"SearchAction\",\"target\":{\"@type\":\"EntryPoint\",\"urlTemplate\":\"https:\/\/smlfashion.pl\/blog\/?s={search_term_string}\"},\"query-input\":\"required name=search_term_string\"}],\"inLanguage\":\"pl-PL\"},{\"@type\":\"Person\",\"@id\":\"https:\/\/smlfashion.pl\/blog\/#\/schema\/person\/45312f4ceaeb56089a3ae1390b2d9423\",\"name\":\"smlfashion\",\"sameAs\":[\"http:\/\/smlfashion.pl\/blog\"],\"url\":\"https:\/\/smlfashion.pl\/blog\/author\/smlfashion\/\"}]}<\/script>\n<!-- \/ Yoast SEO plugin. -->","yoast_head_json":{"title":"Edith obcis\u0142a sukienka z materia\u0142u o pr\u0105\u017ckowanej fakturze - blog modowy smlfashion.pl","robots":{"index":"index","follow":"follow","max-snippet":"max-snippet:-1","max-image-preview":"max-image-preview:large","max-video-preview":"max-video-preview:-1"},"canonical":"https:\/\/smlfashion.pl\/blog\/edith-obcisla-sukienka-z-materialu-o-prazkowanej-fakturze\/","og_locale":"pl_PL","og_type":"article","og_title":"Edith obcis\u0142a sukienka z materia\u0142u o pr\u0105\u017ckowanej fakturze - blog modowy smlfashion.pl","og_description":"????? ?????\u0142? sukienka ? ???????\u0142? ? ???\u0328?\u0307??????? ???????? ??? ??\u0328??????? ???????\u0301?? ????? ?????? ???????? ????????. ?????????? ?????\u0301?????? ? ??????? ???????????? ?????? ? ????????, ?????? ??\u0142??\u0301?? ????\u0328??????? ??????????.??????? ?????? ??? ???\u0328 ???? ?????????? ??? ??? ??? ???? ?????? ?? ? ? ? \u2800","og_url":"https:\/\/smlfashion.pl\/blog\/edith-obcisla-sukienka-z-materialu-o-prazkowanej-fakturze\/","og_site_name":"blog modowy smlfashion.pl","article_published_time":"2021-03-06T16:05:26+00:00","article_modified_time":"2021-03-13T23:26:28+00:00","og_image":[{"width":720,"height":900,"url":"https:\/\/smlfashion.pl\/blog\/wp-content\/uploads\/2021\/03\/156905248_1109607636130834_1557905255385626964_n-1.jpg","type":"image\/jpeg"}],"author":"smlfashion","twitter_card":"summary_large_image","twitter_misc":{"Napisane przez":"smlfashion"},"schema":{"@context":"https:\/\/schema.org","@graph":[{"@type":"WebPage","@id":"https:\/\/smlfashion.pl\/blog\/edith-obcisla-sukienka-z-materialu-o-prazkowanej-fakturze\/","url":"https:\/\/smlfashion.pl\/blog\/edith-obcisla-sukienka-z-materialu-o-prazkowanej-fakturze\/","name":"Edith obcis\u0142a sukienka z materia\u0142u o pr\u0105\u017ckowanej fakturze - blog modowy smlfashion.pl","isPartOf":{"@id":"https:\/\/smlfashion.pl\/blog\/#website"},"datePublished":"2021-03-06T16:05:26+00:00","dateModified":"2021-03-13T23:26:28+00:00","author":{"@id":"https:\/\/smlfashion.pl\/blog\/#\/schema\/person\/45312f4ceaeb56089a3ae1390b2d9423"},"breadcrumb":{"@id":"https:\/\/smlfashion.pl\/blog\/edith-obcisla-sukienka-z-materialu-o-prazkowanej-fakturze\/#breadcrumb"},"inLanguage":"pl-PL","potentialAction":[{"@type":"ReadAction","target":["https:\/\/smlfashion.pl\/blog\/edith-obcisla-sukienka-z-materialu-o-prazkowanej-fakturze\/"]}]},{"@type":"BreadcrumbList","@id":"https:\/\/smlfashion.pl\/blog\/edith-obcisla-sukienka-z-materialu-o-prazkowanej-fakturze\/#breadcrumb","itemListElement":[{"@type":"ListItem","position":1,"name":"Strona g\u0142\u00f3wna","item":"https:\/\/smlfashion.pl\/blog\/"},{"@type":"ListItem","position":2,"name":"Edith obcis\u0142a sukienka z materia\u0142u o pr\u0105\u017ckowanej fakturze"}]},{"@type":"WebSite","@id":"https:\/\/smlfashion.pl\/blog\/#website","url":"https:\/\/smlfashion.pl\/blog\/","name":"blog modowy smlfashion.pl","description":"blog modowy smlfashion.pl - inspiracje, moda, trendy, stylizacje.","potentialAction":[{"@type":"SearchAction","target":{"@type":"EntryPoint","urlTemplate":"https:\/\/smlfashion.pl\/blog\/?s={search_term_string}"},"query-input":"required name=search_term_string"}],"inLanguage":"pl-PL"},{"@type":"Person","@id":"https:\/\/smlfashion.pl\/blog\/#\/schema\/person\/45312f4ceaeb56089a3ae1390b2d9423","name":"smlfashion","sameAs":["http:\/\/smlfashion.pl\/blog"],"url":"https:\/\/smlfashion.pl\/blog\/author\/smlfashion\/"}]}},"_links":{"self":[{"href":"https:\/\/smlfashion.pl\/blog\/wp-json\/wp\/v2\/posts\/679"}],"collection":[{"href":"https:\/\/smlfashion.pl\/blog\/wp-json\/wp\/v2\/posts"}],"about":[{"href":"https:\/\/smlfashion.pl\/blog\/wp-json\/wp\/v2\/types\/post"}],"author":[{"embeddable":true,"href":"https:\/\/smlfashion.pl\/blog\/wp-json\/wp\/v2\/users\/1"}],"replies":[{"embeddable":true,"href":"https:\/\/smlfashion.pl\/blog\/wp-json\/wp\/v2\/comments?post=679"}],"version-history":[{"count":3,"href":"https:\/\/smlfashion.pl\/blog\/wp-json\/wp\/v2\/posts\/679\/revisions"}],"predecessor-version":[{"id":923,"href":"https:\/\/smlfashion.pl\/blog\/wp-json\/wp\/v2\/posts\/679\/revisions\/923"}],"wp:featuredmedia":[{"embeddable":true,"href":"https:\/\/smlfashion.pl\/blog\/wp-json\/wp\/v2\/media\/922"}],"wp:attachment":[{"href":"https:\/\/smlfashion.pl\/blog\/wp-json\/wp\/v2\/media?parent=679"}],"wp:term":[{"taxonomy":"category","embeddable":true,"href":"https:\/\/smlfashion.pl\/blog\/wp-json\/wp\/v2\/categories?post=679"},{"taxonomy":"post_tag","embeddable":true,"href":"https:\/\/smlfashion.pl\/blog\/wp-json\/wp\/v2\/tags?post=679"}],"curies":[{"name":"wp","href":"https:\/\/api.w.org\/{rel}","templated":true}]}}