{"id":2084,"date":"2021-12-12T15:11:00","date_gmt":"2021-12-12T14:11:00","guid":{"rendered":"https:\/\/smlfashion.pl\/blog\/index.php\/2021\/12\/12\/sukienka-mini-w-kolorze-czarnym-sukienka-na-sylwestra-i-swieta\/"},"modified":"2021-12-14T21:42:18","modified_gmt":"2021-12-14T20:42:18","slug":"sukienka-mini-w-kolorze-czarnym-sukienka-na-sylwestra-i-swieta","status":"publish","type":"post","link":"https:\/\/smlfashion.pl\/blog\/sukienka-mini-w-kolorze-czarnym-sukienka-na-sylwestra-i-swieta\/","title":{"rendered":"Sukienka mini w kolorze czarnym.  Sukienka na Sylwestra i \u015bwi\u0119ta."},"content":{"rendered":"<h2>Sukienka mini w kolorze czarnym. <a href=\"https:\/\/smlfashion.pl\/73-sukienki-na-sylwestra\">Sukienka na Sylwestra<\/a> i \u015bwi\u0119ta.<\/h2>\n<p>Sukienka mini w kolorze czarnym. Posiada zapi\u0119cie na zamek z ty\u0142u. Sukienka jest marszczona oraz ma g\u0142\u0119boki wyci\u0119ty dekolt. Marszczenia po ca\u0142ej d\u0142ugo\u015bci pomog\u0105 podkre\u015bli\u0107 atuty dolnej cz\u0119\u015bci cia\u0142a i wysmukli\u0107 tali\u0119. Prosto ci\u0119ty dekolt wyeksponuje ramiona oraz biust. Z sukienk\u0105 Varlesca stworzysz niezwykle eleganckie i zmys\u0142owe stylizacje. Ten model \u015bwietnie sprawdzi si\u0119 na imprezie.<\/p>\n<p><!--more--><\/p>\n<figure id=\"attachment_2085\" aria-describedby=\"caption-attachment-2085\" style=\"width: 431px\" class=\"wp-caption aligncenter\"><a href=\"https:\/\/smlfashion.pl\/73-sukienki-na-sylwestra\"><img loading=\"lazy\" decoding=\"async\" class=\"wp-image-2085 size-full\" src=\"https:\/\/smlfashion.pl\/blog\/wp-content\/uploads\/2021\/12\/dopasowana-sukienka-z-marszczeniami-z-dekoltem-na-ramiaczkach.jpg\" alt=\"Sukienka mini na Sylwestra\" width=\"431\" height=\"602\" srcset=\"https:\/\/smlfashion.pl\/blog\/wp-content\/uploads\/2021\/12\/dopasowana-sukienka-z-marszczeniami-z-dekoltem-na-ramiaczkach.jpg 431w, https:\/\/smlfashion.pl\/blog\/wp-content\/uploads\/2021\/12\/dopasowana-sukienka-z-marszczeniami-z-dekoltem-na-ramiaczkach-215x300.jpg 215w\" sizes=\"(max-width: 431px) 100vw, 431px\" \/><\/a><figcaption id=\"caption-attachment-2085\" class=\"wp-caption-text\"><a href=\"https:\/\/smlfashion.pl\/73-sukienki-na-sylwestra\">Sukienka mini na Sylwestra<\/a><\/figcaption><\/figure>\n<p>Czarna sukienka to zawsze idealna opcja na sylwestrow\u0105 imprez\u0119, w tej sukience b\u0119dziesz wygl\u0105da\u0107 ol\u015bniewaj\u0105co, Przywitaj Nowy rok w luksusowej kreacji.<\/p>\n<p>#\u015bwi\u0119ta #christmas #poland #choinka #polishgirl #polska #zima #bo\u017cenarodzenie #smlfashion #christmastree #xmas #merrychristmas #warszawa #prezent #grudzie\u0144 #polskadziewczyna #christmastime #prezenty #winter #\u015bwi\u0119tabo\u017cegonarodzenia #warsaw #december #rodzina #id\u0105\u015bwi\u0119ta #miko\u0142aj #zakupy #wigilia #happy #girl #bo\u017cenarodzenie<\/p>\n<p>\u015awietne stylizacje w super cenach ? Wysy\u0142ka w 24h ? ???\u0307??? ?????\u0301 ????? \u27a1\ufe0f www.smlfashion.pl<\/p>\n<figure id=\"attachment_2085\" aria-describedby=\"caption-attachment-2085\" style=\"width: 431px\" class=\"wp-caption aligncenter\"><a href=\"https:\/\/smlfashion.pl\/73-sukienki-na-sylwestra\"><img loading=\"lazy\" decoding=\"async\" class=\"wp-image-2085 size-full\" src=\"https:\/\/smlfashion.pl\/blog\/wp-content\/uploads\/2021\/12\/dopasowana-sukienka-z-marszczeniami-z-dekoltem-na-ramiaczkach.jpg\" alt=\"Sukienka mini na Sylwestra\" width=\"431\" height=\"602\" srcset=\"https:\/\/smlfashion.pl\/blog\/wp-content\/uploads\/2021\/12\/dopasowana-sukienka-z-marszczeniami-z-dekoltem-na-ramiaczkach.jpg 431w, https:\/\/smlfashion.pl\/blog\/wp-content\/uploads\/2021\/12\/dopasowana-sukienka-z-marszczeniami-z-dekoltem-na-ramiaczkach-215x300.jpg 215w\" sizes=\"(max-width: 431px) 100vw, 431px\" \/><\/a><figcaption id=\"caption-attachment-2085\" class=\"wp-caption-text\"><a href=\"https:\/\/smlfashion.pl\/73-sukienki-na-sylwestra\">Sukienka mini na Sylwestra<\/a><\/figcaption><\/figure>\n","protected":false},"excerpt":{"rendered":"<p>Sukienka mini w kolorze czarnym.  Sukienka na Sylwestra i \u015bwi\u0119ta.<\/p>\n","protected":false},"author":1,"featured_media":2083,"comment_status":"open","ping_status":"open","sticky":false,"template":"","format":"standard","meta":{"footnotes":""},"categories":[1,3,228],"tags":[268,43,392,623,323,321,35,274,272,255,464,626,317,625,113,624,318,97,627,262,505,467,319,622,628],"yoast_head":"<!-- This site is optimized with the Yoast SEO plugin v20.4 - https:\/\/yoast.com\/wordpress\/plugins\/seo\/ -->\n<title>Sukienka mini w kolorze czarnym. Sukienka na Sylwestra i \u015bwi\u0119ta. - blog modowy smlfashion.pl<\/title>\n<meta name=\"description\" content=\"Czarna sukienka to zawsze idealna opcja na sylwestrow\u0105 imprez\u0119, w tej sukience b\u0119dziesz wygl\u0105da\u0107 ol\u015bniewaj\u0105co, Przywitaj Nowy rok w luksusowej kreacji.\" \/>\n<meta name=\"robots\" content=\"index, follow, max-snippet:-1, max-image-preview:large, max-video-preview:-1\" \/>\n<link rel=\"canonical\" href=\"https:\/\/smlfashion.pl\/blog\/sukienka-mini-w-kolorze-czarnym-sukienka-na-sylwestra-i-swieta\/\" \/>\n<meta property=\"og:locale\" content=\"pl_PL\" \/>\n<meta property=\"og:type\" content=\"article\" \/>\n<meta property=\"og:title\" content=\"Sukienka mini w kolorze czarnym. Sukienka na Sylwestra i \u015bwi\u0119ta. - blog modowy smlfashion.pl\" \/>\n<meta property=\"og:description\" content=\"Czarna sukienka to zawsze idealna opcja na sylwestrow\u0105 imprez\u0119, w tej sukience b\u0119dziesz wygl\u0105da\u0107 ol\u015bniewaj\u0105co, Przywitaj Nowy rok w luksusowej kreacji.\" \/>\n<meta property=\"og:url\" content=\"https:\/\/smlfashion.pl\/blog\/sukienka-mini-w-kolorze-czarnym-sukienka-na-sylwestra-i-swieta\/\" \/>\n<meta property=\"og:site_name\" content=\"blog modowy smlfashion.pl\" \/>\n<meta property=\"article:published_time\" content=\"2021-12-12T14:11:00+00:00\" \/>\n<meta property=\"article:modified_time\" content=\"2021-12-14T20:42:18+00:00\" \/>\n<meta property=\"og:image\" content=\"https:\/\/smlfashion.pl\/blog\/wp-content\/uploads\/2021\/12\/mini_magick20211212-26818-18xitw9.jpeg\" \/>\n\t<meta property=\"og:image:width\" content=\"431\" \/>\n\t<meta property=\"og:image:height\" content=\"602\" \/>\n\t<meta property=\"og:image:type\" content=\"image\/jpeg\" \/>\n<meta name=\"author\" content=\"smlfashion\" \/>\n<meta name=\"twitter:card\" content=\"summary_large_image\" \/>\n<meta name=\"twitter:label1\" content=\"Napisane przez\" \/>\n\t<meta name=\"twitter:data1\" content=\"smlfashion\" \/>\n\t<meta name=\"twitter:label2\" content=\"Szacowany czas czytania\" \/>\n\t<meta name=\"twitter:data2\" content=\"2 minuty\" \/>\n<script type=\"application\/ld+json\" class=\"yoast-schema-graph\">{\"@context\":\"https:\/\/schema.org\",\"@graph\":[{\"@type\":\"WebPage\",\"@id\":\"https:\/\/smlfashion.pl\/blog\/sukienka-mini-w-kolorze-czarnym-sukienka-na-sylwestra-i-swieta\/\",\"url\":\"https:\/\/smlfashion.pl\/blog\/sukienka-mini-w-kolorze-czarnym-sukienka-na-sylwestra-i-swieta\/\",\"name\":\"Sukienka mini w kolorze czarnym. Sukienka na Sylwestra i \u015bwi\u0119ta. - blog modowy smlfashion.pl\",\"isPartOf\":{\"@id\":\"https:\/\/smlfashion.pl\/blog\/#website\"},\"datePublished\":\"2021-12-12T14:11:00+00:00\",\"dateModified\":\"2021-12-14T20:42:18+00:00\",\"author\":{\"@id\":\"https:\/\/smlfashion.pl\/blog\/#\/schema\/person\/45312f4ceaeb56089a3ae1390b2d9423\"},\"description\":\"Czarna sukienka to zawsze idealna opcja na sylwestrow\u0105 imprez\u0119, w tej sukience b\u0119dziesz wygl\u0105da\u0107 ol\u015bniewaj\u0105co, Przywitaj Nowy rok w luksusowej kreacji.\",\"breadcrumb\":{\"@id\":\"https:\/\/smlfashion.pl\/blog\/sukienka-mini-w-kolorze-czarnym-sukienka-na-sylwestra-i-swieta\/#breadcrumb\"},\"inLanguage\":\"pl-PL\",\"potentialAction\":[{\"@type\":\"ReadAction\",\"target\":[\"https:\/\/smlfashion.pl\/blog\/sukienka-mini-w-kolorze-czarnym-sukienka-na-sylwestra-i-swieta\/\"]}]},{\"@type\":\"BreadcrumbList\",\"@id\":\"https:\/\/smlfashion.pl\/blog\/sukienka-mini-w-kolorze-czarnym-sukienka-na-sylwestra-i-swieta\/#breadcrumb\",\"itemListElement\":[{\"@type\":\"ListItem\",\"position\":1,\"name\":\"Strona g\u0142\u00f3wna\",\"item\":\"https:\/\/smlfashion.pl\/blog\/\"},{\"@type\":\"ListItem\",\"position\":2,\"name\":\"Sukienka mini w kolorze czarnym. Sukienka na Sylwestra i \u015bwi\u0119ta.\"}]},{\"@type\":\"WebSite\",\"@id\":\"https:\/\/smlfashion.pl\/blog\/#website\",\"url\":\"https:\/\/smlfashion.pl\/blog\/\",\"name\":\"blog modowy smlfashion.pl\",\"description\":\"blog modowy smlfashion.pl - inspiracje, moda, trendy, stylizacje.\",\"potentialAction\":[{\"@type\":\"SearchAction\",\"target\":{\"@type\":\"EntryPoint\",\"urlTemplate\":\"https:\/\/smlfashion.pl\/blog\/?s={search_term_string}\"},\"query-input\":\"required name=search_term_string\"}],\"inLanguage\":\"pl-PL\"},{\"@type\":\"Person\",\"@id\":\"https:\/\/smlfashion.pl\/blog\/#\/schema\/person\/45312f4ceaeb56089a3ae1390b2d9423\",\"name\":\"smlfashion\",\"sameAs\":[\"http:\/\/smlfashion.pl\/blog\"],\"url\":\"https:\/\/smlfashion.pl\/blog\/author\/smlfashion\/\"}]}<\/script>\n<!-- \/ Yoast SEO plugin. -->","yoast_head_json":{"title":"Sukienka mini w kolorze czarnym. Sukienka na Sylwestra i \u015bwi\u0119ta. - blog modowy smlfashion.pl","description":"Czarna sukienka to zawsze idealna opcja na sylwestrow\u0105 imprez\u0119, w tej sukience b\u0119dziesz wygl\u0105da\u0107 ol\u015bniewaj\u0105co, Przywitaj Nowy rok w luksusowej kreacji.","robots":{"index":"index","follow":"follow","max-snippet":"max-snippet:-1","max-image-preview":"max-image-preview:large","max-video-preview":"max-video-preview:-1"},"canonical":"https:\/\/smlfashion.pl\/blog\/sukienka-mini-w-kolorze-czarnym-sukienka-na-sylwestra-i-swieta\/","og_locale":"pl_PL","og_type":"article","og_title":"Sukienka mini w kolorze czarnym. Sukienka na Sylwestra i \u015bwi\u0119ta. - blog modowy smlfashion.pl","og_description":"Czarna sukienka to zawsze idealna opcja na sylwestrow\u0105 imprez\u0119, w tej sukience b\u0119dziesz wygl\u0105da\u0107 ol\u015bniewaj\u0105co, Przywitaj Nowy rok w luksusowej kreacji.","og_url":"https:\/\/smlfashion.pl\/blog\/sukienka-mini-w-kolorze-czarnym-sukienka-na-sylwestra-i-swieta\/","og_site_name":"blog modowy smlfashion.pl","article_published_time":"2021-12-12T14:11:00+00:00","article_modified_time":"2021-12-14T20:42:18+00:00","og_image":[{"width":431,"height":602,"url":"https:\/\/smlfashion.pl\/blog\/wp-content\/uploads\/2021\/12\/mini_magick20211212-26818-18xitw9.jpeg","type":"image\/jpeg"}],"author":"smlfashion","twitter_card":"summary_large_image","twitter_misc":{"Napisane przez":"smlfashion","Szacowany czas czytania":"2 minuty"},"schema":{"@context":"https:\/\/schema.org","@graph":[{"@type":"WebPage","@id":"https:\/\/smlfashion.pl\/blog\/sukienka-mini-w-kolorze-czarnym-sukienka-na-sylwestra-i-swieta\/","url":"https:\/\/smlfashion.pl\/blog\/sukienka-mini-w-kolorze-czarnym-sukienka-na-sylwestra-i-swieta\/","name":"Sukienka mini w kolorze czarnym. Sukienka na Sylwestra i \u015bwi\u0119ta. - blog modowy smlfashion.pl","isPartOf":{"@id":"https:\/\/smlfashion.pl\/blog\/#website"},"datePublished":"2021-12-12T14:11:00+00:00","dateModified":"2021-12-14T20:42:18+00:00","author":{"@id":"https:\/\/smlfashion.pl\/blog\/#\/schema\/person\/45312f4ceaeb56089a3ae1390b2d9423"},"description":"Czarna sukienka to zawsze idealna opcja na sylwestrow\u0105 imprez\u0119, w tej sukience b\u0119dziesz wygl\u0105da\u0107 ol\u015bniewaj\u0105co, Przywitaj Nowy rok w luksusowej kreacji.","breadcrumb":{"@id":"https:\/\/smlfashion.pl\/blog\/sukienka-mini-w-kolorze-czarnym-sukienka-na-sylwestra-i-swieta\/#breadcrumb"},"inLanguage":"pl-PL","potentialAction":[{"@type":"ReadAction","target":["https:\/\/smlfashion.pl\/blog\/sukienka-mini-w-kolorze-czarnym-sukienka-na-sylwestra-i-swieta\/"]}]},{"@type":"BreadcrumbList","@id":"https:\/\/smlfashion.pl\/blog\/sukienka-mini-w-kolorze-czarnym-sukienka-na-sylwestra-i-swieta\/#breadcrumb","itemListElement":[{"@type":"ListItem","position":1,"name":"Strona g\u0142\u00f3wna","item":"https:\/\/smlfashion.pl\/blog\/"},{"@type":"ListItem","position":2,"name":"Sukienka mini w kolorze czarnym. Sukienka na Sylwestra i \u015bwi\u0119ta."}]},{"@type":"WebSite","@id":"https:\/\/smlfashion.pl\/blog\/#website","url":"https:\/\/smlfashion.pl\/blog\/","name":"blog modowy smlfashion.pl","description":"blog modowy smlfashion.pl - inspiracje, moda, trendy, stylizacje.","potentialAction":[{"@type":"SearchAction","target":{"@type":"EntryPoint","urlTemplate":"https:\/\/smlfashion.pl\/blog\/?s={search_term_string}"},"query-input":"required name=search_term_string"}],"inLanguage":"pl-PL"},{"@type":"Person","@id":"https:\/\/smlfashion.pl\/blog\/#\/schema\/person\/45312f4ceaeb56089a3ae1390b2d9423","name":"smlfashion","sameAs":["http:\/\/smlfashion.pl\/blog"],"url":"https:\/\/smlfashion.pl\/blog\/author\/smlfashion\/"}]}},"_links":{"self":[{"href":"https:\/\/smlfashion.pl\/blog\/wp-json\/wp\/v2\/posts\/2084"}],"collection":[{"href":"https:\/\/smlfashion.pl\/blog\/wp-json\/wp\/v2\/posts"}],"about":[{"href":"https:\/\/smlfashion.pl\/blog\/wp-json\/wp\/v2\/types\/post"}],"author":[{"embeddable":true,"href":"https:\/\/smlfashion.pl\/blog\/wp-json\/wp\/v2\/users\/1"}],"replies":[{"embeddable":true,"href":"https:\/\/smlfashion.pl\/blog\/wp-json\/wp\/v2\/comments?post=2084"}],"version-history":[{"count":3,"href":"https:\/\/smlfashion.pl\/blog\/wp-json\/wp\/v2\/posts\/2084\/revisions"}],"predecessor-version":[{"id":2090,"href":"https:\/\/smlfashion.pl\/blog\/wp-json\/wp\/v2\/posts\/2084\/revisions\/2090"}],"wp:featuredmedia":[{"embeddable":true,"href":"https:\/\/smlfashion.pl\/blog\/wp-json\/wp\/v2\/media\/2083"}],"wp:attachment":[{"href":"https:\/\/smlfashion.pl\/blog\/wp-json\/wp\/v2\/media?parent=2084"}],"wp:term":[{"taxonomy":"category","embeddable":true,"href":"https:\/\/smlfashion.pl\/blog\/wp-json\/wp\/v2\/categories?post=2084"},{"taxonomy":"post_tag","embeddable":true,"href":"https:\/\/smlfashion.pl\/blog\/wp-json\/wp\/v2\/tags?post=2084"}],"curies":[{"name":"wp","href":"https:\/\/api.w.org\/{rel}","templated":true}]}}