{"id":1619,"date":"2021-04-30T16:35:42","date_gmt":"2021-04-30T14:35:42","guid":{"rendered":"https:\/\/smlfashion.pl\/blog\/?p=1619"},"modified":"2023-04-04T16:23:42","modified_gmt":"2023-04-04T14:23:42","slug":"mala-czarna-sukienka-mini","status":"publish","type":"post","link":"https:\/\/smlfashion.pl\/blog\/mala-czarna-sukienka-mini\/","title":{"rendered":"Ma\u0142a czarna sukienka mini nie mo\u017ce jej zabrakn\u0105\u0107 w Twojej szafie"},"content":{"rendered":"<div>\n<p><strong>Ma\u0142a <a href=\"https:\/\/smlfashion.pl\/sukienki-smlfashion\/328-dulce-czarna-dopasowana-elastyczna-sukienka-na-krysztalowe-ramiaczkach-mini.html\">czarna sukienka mini<\/a><\/strong> nie mo\u017ce zabrakn\u0105\u0107 jej w Twojej szafie. Gdy spytasz dobr\u0105 stylistk\u0119, jakiego elementu kobiecej garderoby nie mo\u017ce zabrakn\u0105\u0107 w Twojej szafie, z du\u017cym prawdopodobie\u0144stwem odpowie: ma\u0142ej czarnej sukienki! Ten ponadczasowy i uniwersalny str\u00f3j przez lata podbija\u0142 serca kobiet na ca\u0142ym \u015bwiecie, a dzi\u015b ma status jednego z najwi\u0119kszych hit\u00f3w w modzie damskiej. Hitu, kt\u00f3rego czas nigdy nie przemija. \u2800 \u2800<\/p>\n<p><!--more--><\/p>\n<p>\u2800<\/p>\n<h1 style=\"text-align: center;\">Ma\u0142a czarna sukienka mini nie mo\u017ce zabrakn\u0105\u0107 jej w Twojej szafie.<\/h1>\n<p>Ma\u0142a<strong> czarna sukienka mini<\/strong> nie mo\u017ce zabrakn\u0105\u0107 jej w Twojej szafie. Gdy spytasz dobr\u0105 stylistk\u0119, jakiego elementu kobiecej garderoby nie mo\u017ce zabrakn\u0105\u0107 w Twojej szafie, z du\u017cym prawdopodobie\u0144stwem odpowie: ma\u0142ej czarnej sukienki! Ten ponadczasowy i uniwersalny str\u00f3j przez lata podbija\u0142 serca kobiet na ca\u0142ym \u015bwiecie, a dzi\u015b ma status jednego z najwi\u0119kszych hit\u00f3w w modzie damskiej. Hitu, kt\u00f3rego czas nigdy nie przemija. <a href=\"https:\/\/smlfashion.pl\/53-czarne-sukienki\">Czarne sukienki<\/a> to podstawa.<\/p>\n<\/div>\n<p>&nbsp;<\/p>\n<div>\n<p>Podkre\u015blaj\u0105ca figur\u0119 kr\u00f3tka, czarna sukienka, na w\u0105skich kryszta\u0142owych rami\u0105czkach. Sukienka dopasowana, mocno elastyczna, w kolorze czarnym. Sukienka o d\u0142ugo\u015bci mini, na regulowanych szeleczkach, z g\u0142adkim ty\u0142em.<\/p>\n<\/div>\n<figure style=\"width: 332px\" class=\"wp-caption aligncenter\"><a href=\"https:\/\/smlfashion.pl\/53-czarne-sukienki\"><img loading=\"lazy\" decoding=\"async\" title=\"sukienka ma\u0142a czarna elegancka\" src=\"https:\/\/smlfashion.pl\/img\/cms\/Zdj%20produktowe\/sukienka%20ma%C5%82a%20czarna%20(m).PNG\" alt=\"sukienka ma\u0142a czarna elegancka\" width=\"332\" height=\"415\" data-src=\"https:\/\/smlfashion.pl\/img\/cms\/Zdj%20produktowe\/sukienka%20ma%C5%82a%20czarna%20(m).PNG\" \/><\/a><figcaption class=\"wp-caption-text\">sukienka ma\u0142a czarna elegancka<\/figcaption><\/figure>\n<p><a href=\"https:\/\/smlfashion.pl\/53-czarne-sukienki\"><img loading=\"lazy\" decoding=\"async\" class=\"aligncenter\" src=\"https:\/\/smlfashion.pl\/img\/cms\/IMG_4021.jpg\" alt=\"czarna sukienka mini z kryszta\u0142owymi rami\u0105czkami\" width=\"300\" height=\"327\" data-src=\"https:\/\/smlfashion.pl\/img\/cms\/IMG_4021.jpg\" \/><\/a><\/p>\n<p>&nbsp;<\/p>\n<h1 style=\"text-align: center;\">Ma\u0142a czarna sukienka to zawsze dobry wyb\u00f3r<\/h1>\n<p>Ma\u0142a czarna sukienka to zawsze dobry wyb\u00f3r, niezale\u017cnie od okazji czy stylu. Mo\u017cna j\u0105 za\u0142o\u017cy\u0107 na wieczorne wyj\u015bcie, spotkanie biznesowe czy romantyczn\u0105 kolacj\u0119 we dwoje. Dzi\u0119ki swojej uniwersalno\u015bci i prostocie, mo\u017cna j\u0105 dowolnie stylizowa\u0107 i kombinowa\u0107 z r\u00f3\u017cnymi dodatkami. Czarna sukienka mini dodaje szyku i elegancji, a jednocze\u015bnie jest bardzo kobieca i seksowna. W po\u0142\u0105czeniu z butami na wysokim obcasie i bi\u017cuteri\u0105 tworzy niezwykle stylowy i szykowny outfit.<\/p>\n<div class=\"mceTemp\"><\/div>\n<p>&nbsp;<\/p>\n<p>&nbsp;<\/p>\n<figure id=\"attachment_2468\" aria-describedby=\"caption-attachment-2468\" style=\"width: 847px\" class=\"wp-caption aligncenter\"><a href=\"Dulce Czarna dopasowana elastyczna sukienka na kryszta\u0142owe rami\u0105czkach mini\"><img loading=\"lazy\" decoding=\"async\" class=\"wp-image-2468 size-large\" title=\"Dulce Czarna dopasowana elastyczna sukienka na kryszta\u0142owe rami\u0105czkach mini\" src=\"https:\/\/smlfashion.pl\/blog\/wp-content\/uploads\/2021\/04\/Dulce-Czarna-dopasowana-elastyczna-sukienka-na-krysztalowe-ramiaczkach-mini-1-939x1024.webp\" alt=\"Dulce Czarna dopasowana elastyczna sukienka na kryszta\u0142owe rami\u0105czkach mini (1)\" width=\"847\" height=\"924\" srcset=\"https:\/\/smlfashion.pl\/blog\/wp-content\/uploads\/2021\/04\/Dulce-Czarna-dopasowana-elastyczna-sukienka-na-krysztalowe-ramiaczkach-mini-1-939x1024.webp 939w, https:\/\/smlfashion.pl\/blog\/wp-content\/uploads\/2021\/04\/Dulce-Czarna-dopasowana-elastyczna-sukienka-na-krysztalowe-ramiaczkach-mini-1-275x300.webp 275w, https:\/\/smlfashion.pl\/blog\/wp-content\/uploads\/2021\/04\/Dulce-Czarna-dopasowana-elastyczna-sukienka-na-krysztalowe-ramiaczkach-mini-1-768x838.webp 768w, https:\/\/smlfashion.pl\/blog\/wp-content\/uploads\/2021\/04\/Dulce-Czarna-dopasowana-elastyczna-sukienka-na-krysztalowe-ramiaczkach-mini-1.webp 1067w\" sizes=\"(max-width: 847px) 100vw, 847px\" \/><\/a><figcaption id=\"caption-attachment-2468\" class=\"wp-caption-text\"><a href=\"https:\/\/smlfashion.pl\/sukienki-smlfashion\/328-dulce-czarna-dopasowana-elastyczna-sukienka-na-krysztalowe-ramiaczkach-mini.html\">Dulce Czarna dopasowana elastyczna sukienka na kryszta\u0142owe rami\u0105czkach mini<\/a><\/figcaption><\/figure>\n<figure id=\"attachment_2467\" aria-describedby=\"caption-attachment-2467\" style=\"width: 847px\" class=\"wp-caption aligncenter\"><a href=\"https:\/\/smlfashion.pl\/sukienki-smlfashion\/328-dulce-czarna-dopasowana-elastyczna-sukienka-na-krysztalowe-ramiaczkach-mini.html \"><img loading=\"lazy\" decoding=\"async\" class=\"wp-image-2467 size-large\" title=\"Dulce Czarna dopasowana elastyczna sukienka na kryszta\u0142owe rami\u0105czkach mini\" src=\"https:\/\/smlfashion.pl\/blog\/wp-content\/uploads\/2021\/04\/Dulce-Czarna-dopasowana-elastyczna-sukienka-na-krysztalowe-ramiaczkach-mini-2-920x1024.webp\" alt=\"Dulce Czarna dopasowana elastyczna sukienka na kryszta\u0142owe rami\u0105czkach mini (2)\" width=\"847\" height=\"943\" srcset=\"https:\/\/smlfashion.pl\/blog\/wp-content\/uploads\/2021\/04\/Dulce-Czarna-dopasowana-elastyczna-sukienka-na-krysztalowe-ramiaczkach-mini-2-920x1024.webp 920w, https:\/\/smlfashion.pl\/blog\/wp-content\/uploads\/2021\/04\/Dulce-Czarna-dopasowana-elastyczna-sukienka-na-krysztalowe-ramiaczkach-mini-2-270x300.webp 270w, https:\/\/smlfashion.pl\/blog\/wp-content\/uploads\/2021\/04\/Dulce-Czarna-dopasowana-elastyczna-sukienka-na-krysztalowe-ramiaczkach-mini-2-768x855.webp 768w, https:\/\/smlfashion.pl\/blog\/wp-content\/uploads\/2021\/04\/Dulce-Czarna-dopasowana-elastyczna-sukienka-na-krysztalowe-ramiaczkach-mini-2.webp 1081w\" sizes=\"(max-width: 847px) 100vw, 847px\" \/><\/a><figcaption id=\"caption-attachment-2467\" class=\"wp-caption-text\"><a href=\"http:\/\/Dulce Czarna dopasowana elastyczna sukienka na kryszta\u0142owe rami\u0105czkach mini\">Dulce Czarna dopasowana elastyczna sukienka na kryszta\u0142owe rami\u0105czkach mini<\/a><\/figcaption><\/figure>\n<p>&nbsp;<\/p>\n<p>Nie bez powodu<strong> ma\u0142a czarna sukienka mini<\/strong> pozostaje jednym z najcz\u0119\u015bciej wybieranych element\u00f3w damskiej garderoby. To str\u00f3j, kt\u00f3ry pozwala poczu\u0107 si\u0119 kobieco, elegancko i modnie. Bez wzgl\u0119du na to, jakie masz upodobania modowe i jaki styl preferujesz, ma\u0142a czarna sukienka mini zawsze b\u0119dzie dobrym wyborem. Warto zainwestowa\u0107 w ni\u0105 i mie\u0107 j\u0105 zawsze w swojej szafie.<\/p>\n<h2><\/h2>\n<h2 style=\"text-align: center;\">Ma\u0142a czarna sukienka mini to nie tylko klasyk<\/h2>\n<p>Ma\u0142a czarna sukienka mini to nie tylko klasyk, ale tak\u017ce str\u00f3j, kt\u00f3ry potrafi dopasowa\u0107 si\u0119 do r\u00f3\u017cnych okoliczno\u015bci i stylizacji. Bez wzgl\u0119du na to, czy chcesz wygl\u0105da\u0107 elegancko na spotkaniu biznesowym, romantycznie na randce czy po prostu modnie na imprezie ze znajomymi &#8211; ma\u0142a czarna zawsze b\u0119dzie dobrym wyborem. W zale\u017cno\u015bci od dodatk\u00f3w i but\u00f3w, z kt\u00f3rymi j\u0105 zestawisz, sukienka ta mo\u017ce przybra\u0107 r\u00f3\u017cne oblicza, od klasycznych po bardziej awangardowe. Dlatego warto mie\u0107 w swojej szafie co najmniej jedn\u0105 tak\u0105 sukienk\u0119, kt\u00f3ra nigdy nie wyjdzie z mody i zawsze oka\u017ce si\u0119 pomocna w sytuacji, gdy potrzebujesz szybko stworzy\u0107 idealny look.<\/p>\n<p>&nbsp;<\/p>\n<div>\n<figure style=\"width: 1080px\" class=\"wp-caption aligncenter\"><a href=\"https:\/\/smlfashion.pl\/sukienki-smlfashion\/328-dulce-czarna-dopasowana-elastyczna-sukienka-na-krysztalowe-ramiaczkach-mini.html \"><img loading=\"lazy\" decoding=\"async\" style=\"max-width: 600px;\" title=\"czarna sukienka dopasowana z g\u0142\u0119bokim dekoltem mini - ma\u0142a czarna\" src=\"https:\/\/scontent-iad3-2.cdninstagram.com\/v\/t51.2885-15\/178886877_852069708723860_6299930549515654392_n.jpg?_nc_cat=101&amp;ccb=1-3&amp;_nc_sid=8ae9d6&amp;_nc_ohc=s1e2hxDyp10AX_FQdxX&amp;_nc_ht=scontent-iad3-2.cdninstagram.com&amp;oh=a70cbce5967ea920c675f3d684acb897&amp;oe=60B06E1B\" alt=\"czarna sukienka dopasowana z g\u0142\u0119bokim dekoltem mini\" width=\"1080\" height=\"1110\" \/><\/a><figcaption class=\"wp-caption-text\"><a href=\"https:\/\/smlfashion.pl\/sukienki-smlfashion\/354-lossal-czarna-sukienka-mini-ze-zlotymi-lancuszkami-przy-ramiaczkach.html\">czarna sukienka dopasowana<\/a> z g\u0142\u0119bokim dekoltem mini<\/figcaption><\/figure>\n<div>Gdy spytasz dobr\u0105 stylistk\u0119, jakiego elementu kobiecej garderoby nie mo\u017ce zabrakn\u0105\u0107 w Twojej szafie, z du\u017cym prawdopodobie\u0144stwem odpowie: ma\u0142ej czarnej sukienki! Ten ponadczasowy i uniwersalny str\u00f3j przez lata podbija\u0142 serca kobiet na ca\u0142ym \u015bwiecie, a dzi\u015b ma status jednego z najwi\u0119kszych hit\u00f3w w modzie damskiej. Hitu, kt\u00f3rego czas nigdy nie przemija. <a href=\"https:\/\/smlfashion.pl\/48-sukienki-mini\">Czarna sukienka mini<\/a><br \/>\n\u2800<br \/>\n\u2800<a href=\"https:\/\/smlfashion.pl\/sukienki-smlfashion\/354-lossal-czarna-sukienka-mini-ze-zlotymi-lancuszkami-przy-ramiaczkach.html\"><img loading=\"lazy\" decoding=\"async\" class=\"aligncenter\" style=\"max-width: 600px;\" title=\"czarna sukienka dopasowana z g\u0142\u0119bokim dekoltem mini - ma\u0142a czarna\" src=\"https:\/\/scontent-iad3-2.cdninstagram.com\/v\/t51.2885-15\/178886877_852069708723860_6299930549515654392_n.jpg?_nc_cat=101&amp;ccb=1-3&amp;_nc_sid=8ae9d6&amp;_nc_ohc=s1e2hxDyp10AX_FQdxX&amp;_nc_ht=scontent-iad3-2.cdninstagram.com&amp;oh=a70cbce5967ea920c675f3d684acb897&amp;oe=60B06E1B\" alt=\"czarna sukienka dopasowana z g\u0142\u0119bokim dekoltem mini\" width=\"1080\" height=\"1110\" \/><\/a><br \/>\n\u2800<br \/>\n\u2800<br \/>\n#piatek #sukienka #butikonline #onlineshopping #onlinebutik #fashion #style #instafashion #lady #blackdress #bestsellers #kolekcja2021 #zakupyonline #lato2021 #sukienki #trendy2021 #malaczarna #moda2021 #smlfashion #kobieta #modnakobieta #modneubrania #wiosennie #modnadziewczyna #summer #wiosna2021 #poland #polishwoman #polishgirl #wiosna<br \/>\n\u2800<br \/>\n\u2800<br \/>\n\u015awietne stylizacje w super cenach ? Wysy\u0142ka w 24h ? ???\u0307??? ?????\u0301 ????? \u27a1\ufe0f www.smlfashion.pl<br \/>\nwww.smlfashion.pl<\/div>\n<\/div>\n<p>&nbsp;<\/p>\n","protected":false},"excerpt":{"rendered":"<p>Ma\u0142a czarna sukienka mini nie mo\u017ce zabrakn\u0105\u0107 jej w Twojej szafie. Gdy spytasz dobr\u0105 stylistk\u0119, jakiego elementu kobiecej garderoby nie mo\u017ce zabrakn\u0105\u0107 w Twojej szafie, z du\u017cym prawdopodobie\u0144stwem odpowie: ma\u0142ej czarnej sukienki! Ten ponadczasowy i uniwersalny str\u00f3j przez lata podbija\u0142 serca kobiet na ca\u0142ym \u015bwiecie, a dzi\u015b ma status jednego z najwi\u0119kszych hit\u00f3w w modzie &hellip; <a href=\"https:\/\/smlfashion.pl\/blog\/mala-czarna-sukienka-mini\/\" class=\"more-link\">Continue reading <span class=\"screen-reader-text\">Ma\u0142a czarna sukienka mini nie mo\u017ce jej zabrakn\u0105\u0107 w Twojej szafie<\/span><\/a><\/p>\n","protected":false},"author":1,"featured_media":1622,"comment_status":"open","ping_status":"open","sticky":false,"template":"","format":"image","meta":{"footnotes":""},"categories":[3,228],"tags":[268,54,263,35,274,258,271,272,269,257,256,255,261,270,273,267,254,253,252,16,260,251,259,53,266,262,265,264],"yoast_head":"<!-- This site is optimized with the Yoast SEO plugin v20.4 - https:\/\/yoast.com\/wordpress\/plugins\/seo\/ -->\n<title>Ma\u0142a czarna sukienka mini nie mo\u017ce jej zabrakn\u0105\u0107 w Twojej szafie - blog modowy smlfashion.pl<\/title>\n<meta name=\"robots\" content=\"index, follow, max-snippet:-1, max-image-preview:large, max-video-preview:-1\" \/>\n<link rel=\"canonical\" href=\"https:\/\/smlfashion.pl\/blog\/mala-czarna-sukienka-mini\/\" \/>\n<meta property=\"og:locale\" content=\"pl_PL\" \/>\n<meta property=\"og:type\" content=\"article\" \/>\n<meta property=\"og:title\" content=\"Ma\u0142a czarna sukienka mini nie mo\u017ce jej zabrakn\u0105\u0107 w Twojej szafie - blog modowy smlfashion.pl\" \/>\n<meta property=\"og:description\" content=\"Ma\u0142a czarna sukienka mini nie mo\u017ce zabrakn\u0105\u0107 jej w Twojej szafie. Gdy spytasz dobr\u0105 stylistk\u0119, jakiego elementu kobiecej garderoby nie mo\u017ce zabrakn\u0105\u0107 w Twojej szafie, z du\u017cym prawdopodobie\u0144stwem odpowie: ma\u0142ej czarnej sukienki! Ten ponadczasowy i uniwersalny str\u00f3j przez lata podbija\u0142 serca kobiet na ca\u0142ym \u015bwiecie, a dzi\u015b ma status jednego z najwi\u0119kszych hit\u00f3w w modzie &hellip; Continue reading Ma\u0142a czarna sukienka mini nie mo\u017ce jej zabrakn\u0105\u0107 w Twojej szafie\" \/>\n<meta property=\"og:url\" content=\"https:\/\/smlfashion.pl\/blog\/mala-czarna-sukienka-mini\/\" \/>\n<meta property=\"og:site_name\" content=\"blog modowy smlfashion.pl\" \/>\n<meta property=\"article:published_time\" content=\"2021-04-30T14:35:42+00:00\" \/>\n<meta property=\"article:modified_time\" content=\"2023-04-04T14:23:42+00:00\" \/>\n<meta property=\"og:image\" content=\"https:\/\/smlfashion.pl\/blog\/wp-content\/uploads\/2021\/04\/Czarna-sukienka-mini-mala-czarna.jpg\" \/>\n\t<meta property=\"og:image:width\" content=\"1080\" \/>\n\t<meta property=\"og:image:height\" content=\"1110\" \/>\n\t<meta property=\"og:image:type\" content=\"image\/jpeg\" \/>\n<meta name=\"author\" content=\"smlfashion\" \/>\n<meta name=\"twitter:card\" content=\"summary_large_image\" \/>\n<meta name=\"twitter:label1\" content=\"Napisane przez\" \/>\n\t<meta name=\"twitter:data1\" content=\"smlfashion\" \/>\n\t<meta name=\"twitter:label2\" content=\"Szacowany czas czytania\" \/>\n\t<meta name=\"twitter:data2\" content=\"5 minut\" \/>\n<script type=\"application\/ld+json\" class=\"yoast-schema-graph\">{\"@context\":\"https:\/\/schema.org\",\"@graph\":[{\"@type\":\"WebPage\",\"@id\":\"https:\/\/smlfashion.pl\/blog\/mala-czarna-sukienka-mini\/\",\"url\":\"https:\/\/smlfashion.pl\/blog\/mala-czarna-sukienka-mini\/\",\"name\":\"Ma\u0142a czarna sukienka mini nie mo\u017ce jej zabrakn\u0105\u0107 w Twojej szafie - blog modowy smlfashion.pl\",\"isPartOf\":{\"@id\":\"https:\/\/smlfashion.pl\/blog\/#website\"},\"datePublished\":\"2021-04-30T14:35:42+00:00\",\"dateModified\":\"2023-04-04T14:23:42+00:00\",\"author\":{\"@id\":\"https:\/\/smlfashion.pl\/blog\/#\/schema\/person\/45312f4ceaeb56089a3ae1390b2d9423\"},\"breadcrumb\":{\"@id\":\"https:\/\/smlfashion.pl\/blog\/mala-czarna-sukienka-mini\/#breadcrumb\"},\"inLanguage\":\"pl-PL\",\"potentialAction\":[{\"@type\":\"ReadAction\",\"target\":[\"https:\/\/smlfashion.pl\/blog\/mala-czarna-sukienka-mini\/\"]}]},{\"@type\":\"BreadcrumbList\",\"@id\":\"https:\/\/smlfashion.pl\/blog\/mala-czarna-sukienka-mini\/#breadcrumb\",\"itemListElement\":[{\"@type\":\"ListItem\",\"position\":1,\"name\":\"Strona g\u0142\u00f3wna\",\"item\":\"https:\/\/smlfashion.pl\/blog\/\"},{\"@type\":\"ListItem\",\"position\":2,\"name\":\"Ma\u0142a czarna sukienka mini nie mo\u017ce jej zabrakn\u0105\u0107 w Twojej szafie\"}]},{\"@type\":\"WebSite\",\"@id\":\"https:\/\/smlfashion.pl\/blog\/#website\",\"url\":\"https:\/\/smlfashion.pl\/blog\/\",\"name\":\"blog modowy smlfashion.pl\",\"description\":\"blog modowy smlfashion.pl - inspiracje, moda, trendy, stylizacje.\",\"potentialAction\":[{\"@type\":\"SearchAction\",\"target\":{\"@type\":\"EntryPoint\",\"urlTemplate\":\"https:\/\/smlfashion.pl\/blog\/?s={search_term_string}\"},\"query-input\":\"required name=search_term_string\"}],\"inLanguage\":\"pl-PL\"},{\"@type\":\"Person\",\"@id\":\"https:\/\/smlfashion.pl\/blog\/#\/schema\/person\/45312f4ceaeb56089a3ae1390b2d9423\",\"name\":\"smlfashion\",\"sameAs\":[\"http:\/\/smlfashion.pl\/blog\"],\"url\":\"https:\/\/smlfashion.pl\/blog\/author\/smlfashion\/\"}]}<\/script>\n<!-- \/ Yoast SEO plugin. -->","yoast_head_json":{"title":"Ma\u0142a czarna sukienka mini nie mo\u017ce jej zabrakn\u0105\u0107 w Twojej szafie - blog modowy smlfashion.pl","robots":{"index":"index","follow":"follow","max-snippet":"max-snippet:-1","max-image-preview":"max-image-preview:large","max-video-preview":"max-video-preview:-1"},"canonical":"https:\/\/smlfashion.pl\/blog\/mala-czarna-sukienka-mini\/","og_locale":"pl_PL","og_type":"article","og_title":"Ma\u0142a czarna sukienka mini nie mo\u017ce jej zabrakn\u0105\u0107 w Twojej szafie - blog modowy smlfashion.pl","og_description":"Ma\u0142a czarna sukienka mini nie mo\u017ce zabrakn\u0105\u0107 jej w Twojej szafie. Gdy spytasz dobr\u0105 stylistk\u0119, jakiego elementu kobiecej garderoby nie mo\u017ce zabrakn\u0105\u0107 w Twojej szafie, z du\u017cym prawdopodobie\u0144stwem odpowie: ma\u0142ej czarnej sukienki! Ten ponadczasowy i uniwersalny str\u00f3j przez lata podbija\u0142 serca kobiet na ca\u0142ym \u015bwiecie, a dzi\u015b ma status jednego z najwi\u0119kszych hit\u00f3w w modzie &hellip; Continue reading Ma\u0142a czarna sukienka mini nie mo\u017ce jej zabrakn\u0105\u0107 w Twojej szafie","og_url":"https:\/\/smlfashion.pl\/blog\/mala-czarna-sukienka-mini\/","og_site_name":"blog modowy smlfashion.pl","article_published_time":"2021-04-30T14:35:42+00:00","article_modified_time":"2023-04-04T14:23:42+00:00","og_image":[{"width":1080,"height":1110,"url":"https:\/\/smlfashion.pl\/blog\/wp-content\/uploads\/2021\/04\/Czarna-sukienka-mini-mala-czarna.jpg","type":"image\/jpeg"}],"author":"smlfashion","twitter_card":"summary_large_image","twitter_misc":{"Napisane przez":"smlfashion","Szacowany czas czytania":"5 minut"},"schema":{"@context":"https:\/\/schema.org","@graph":[{"@type":"WebPage","@id":"https:\/\/smlfashion.pl\/blog\/mala-czarna-sukienka-mini\/","url":"https:\/\/smlfashion.pl\/blog\/mala-czarna-sukienka-mini\/","name":"Ma\u0142a czarna sukienka mini nie mo\u017ce jej zabrakn\u0105\u0107 w Twojej szafie - blog modowy smlfashion.pl","isPartOf":{"@id":"https:\/\/smlfashion.pl\/blog\/#website"},"datePublished":"2021-04-30T14:35:42+00:00","dateModified":"2023-04-04T14:23:42+00:00","author":{"@id":"https:\/\/smlfashion.pl\/blog\/#\/schema\/person\/45312f4ceaeb56089a3ae1390b2d9423"},"breadcrumb":{"@id":"https:\/\/smlfashion.pl\/blog\/mala-czarna-sukienka-mini\/#breadcrumb"},"inLanguage":"pl-PL","potentialAction":[{"@type":"ReadAction","target":["https:\/\/smlfashion.pl\/blog\/mala-czarna-sukienka-mini\/"]}]},{"@type":"BreadcrumbList","@id":"https:\/\/smlfashion.pl\/blog\/mala-czarna-sukienka-mini\/#breadcrumb","itemListElement":[{"@type":"ListItem","position":1,"name":"Strona g\u0142\u00f3wna","item":"https:\/\/smlfashion.pl\/blog\/"},{"@type":"ListItem","position":2,"name":"Ma\u0142a czarna sukienka mini nie mo\u017ce jej zabrakn\u0105\u0107 w Twojej szafie"}]},{"@type":"WebSite","@id":"https:\/\/smlfashion.pl\/blog\/#website","url":"https:\/\/smlfashion.pl\/blog\/","name":"blog modowy smlfashion.pl","description":"blog modowy smlfashion.pl - inspiracje, moda, trendy, stylizacje.","potentialAction":[{"@type":"SearchAction","target":{"@type":"EntryPoint","urlTemplate":"https:\/\/smlfashion.pl\/blog\/?s={search_term_string}"},"query-input":"required name=search_term_string"}],"inLanguage":"pl-PL"},{"@type":"Person","@id":"https:\/\/smlfashion.pl\/blog\/#\/schema\/person\/45312f4ceaeb56089a3ae1390b2d9423","name":"smlfashion","sameAs":["http:\/\/smlfashion.pl\/blog"],"url":"https:\/\/smlfashion.pl\/blog\/author\/smlfashion\/"}]}},"_links":{"self":[{"href":"https:\/\/smlfashion.pl\/blog\/wp-json\/wp\/v2\/posts\/1619"}],"collection":[{"href":"https:\/\/smlfashion.pl\/blog\/wp-json\/wp\/v2\/posts"}],"about":[{"href":"https:\/\/smlfashion.pl\/blog\/wp-json\/wp\/v2\/types\/post"}],"author":[{"embeddable":true,"href":"https:\/\/smlfashion.pl\/blog\/wp-json\/wp\/v2\/users\/1"}],"replies":[{"embeddable":true,"href":"https:\/\/smlfashion.pl\/blog\/wp-json\/wp\/v2\/comments?post=1619"}],"version-history":[{"count":5,"href":"https:\/\/smlfashion.pl\/blog\/wp-json\/wp\/v2\/posts\/1619\/revisions"}],"predecessor-version":[{"id":2469,"href":"https:\/\/smlfashion.pl\/blog\/wp-json\/wp\/v2\/posts\/1619\/revisions\/2469"}],"wp:featuredmedia":[{"embeddable":true,"href":"https:\/\/smlfashion.pl\/blog\/wp-json\/wp\/v2\/media\/1622"}],"wp:attachment":[{"href":"https:\/\/smlfashion.pl\/blog\/wp-json\/wp\/v2\/media?parent=1619"}],"wp:term":[{"taxonomy":"category","embeddable":true,"href":"https:\/\/smlfashion.pl\/blog\/wp-json\/wp\/v2\/categories?post=1619"},{"taxonomy":"post_tag","embeddable":true,"href":"https:\/\/smlfashion.pl\/blog\/wp-json\/wp\/v2\/tags?post=1619"}],"curies":[{"name":"wp","href":"https:\/\/api.w.org\/{rel}","templated":true}]}}