{"id":1383,"date":"2021-04-01T19:35:13","date_gmt":"2021-04-01T17:35:13","guid":{"rendered":"https:\/\/smlfashion.pl\/blog\/?p=1383"},"modified":"2021-04-11T15:45:37","modified_gmt":"2021-04-11T13:45:37","slug":"czarna-sukienka-w-stylu-boho-wiosna-lato-2021","status":"publish","type":"post","link":"https:\/\/smlfashion.pl\/blog\/czarna-sukienka-w-stylu-boho-wiosna-lato-2021\/","title":{"rendered":"Czarna sukienka w stylu boho musi znale\u017a\u0107 si\u0119 w Twojej kolekcji na wiosn\u0119 lato 2021"},"content":{"rendered":"<div>\n<p><strong>Styl boho<\/strong> ju\u017c od kilku sezon\u00f3w wiedzie prym w kolekcjach wiosenno-letnich. ? ? ? ? Trend <strong>boho<\/strong> to absolutny modowy fenomen. Inspiruje projektant\u00f3w, rozkocha\u0142 w sobie gwiazdy, influencerki i zwyk\u0142e kobiety na ca\u0142ym \u015bwiecie. Jak \u017caden inny trend, dodaje letniego klimatu ka\u017cdej stylizacji.<\/p>\n<p><!--more--><\/p>\n<p>Co wi\u0119cej, sprawdza si\u0119 w ka\u017cdej sytuacji i pasuje do ka\u017cdego typu urody. Jest uniwersalny, wygodny i dodaje nonszalancji. Jego fenomen jest tak silny, \u017ce dotar\u0142 tak\u017ce do mody \u015blubnej: moda na sukienki \u015blubne w stylu boho jest jednym z najgor\u0119tszych trend\u00f3w ostatnich sezon\u00f3w. \u2800 #czwartek #sukienka #butikonline #onlineshopping #onlinebutik #fashion #style #instafashion #bohostyle #bohofashion #bestsellers #kolekcja2021 #zakupyonline #kolekcja #sukienki #trendy2021 #boho #moda2021 #smlfashion #kobieta #modnakobieta #modneubrania #wiosennie #modnadziewczyna #summer #wiosna2021 #poland #polishwoman #polishgirl #wiosna \u2800 \u015awietne stylizacje w super cenach ? Wysy\u0142ka w 24h ? ???\u0307??? ?????\u0301 ????? \u27a1\ufe0f www.smlfashion.pl<\/p>\n<p><strong>Styl boho<\/strong> ju\u017c od kilku sezon\u00f3w wiedzie prym w kolekcjach wiosenno-letnich. ? ? ? ?<br \/>\nTrend boho to absolutny modowy fenomen. Inspiruje projektant\u00f3w, rozkocha\u0142 w sobie gwiazdy, influencerki i zwyk\u0142e kobiety na ca\u0142ym \u015bwiecie. Jak \u017caden inny trend, dodaje letniego klimatu ka\u017cdej stylizacji. Co wi\u0119cej, sprawdza si\u0119 w ka\u017cdej sytuacji i pasuje do ka\u017cdego typu urody. Jest uniwersalny, wygodny i dodaje nonszalancji. Jego fenomen jest tak silny, \u017ce dotar\u0142 tak\u017ce do mody \u015blubnej: moda na<strong> sukienki \u015blubne w stylu boho<\/strong> jest jednym z najgor\u0119tszych trend\u00f3w ostatnich sezon\u00f3w. Butik sml <a href=\"https:\/\/www.smlfashion.pl\">fashion look<\/a> na ka\u017cdy dzie\u0144.<\/p>\n<h2 style=\"text-align: center;\"><a href=\"https:\/\/smlfashion.pl\/sukienki-smlfashion\/238-leia-czarna-koronkowa-sukienka-w-tylu-boho-na-ramiaczkach.html\"><strong>CZARNA SUKIENKA W STYLU BOHO<\/strong><\/a><\/h2>\n<figure style=\"width: 1440px\" class=\"wp-caption aligncenter\"><a href=\"https:\/\/smlfashion.pl\/sukienki-smlfashion\/238-leia-czarna-koronkowa-sukienka-w-tylu-boho-na-ramiaczkach.html\"><img loading=\"lazy\" decoding=\"async\" style=\"max-width: 600px;\" title=\"Czarna sukienka boho z fr\u0119dzlami\" src=\"https:\/\/scontent-lga3-2.cdninstagram.com\/v\/t51.2885-15\/167997344_1411747342504276_4581985702901068805_n.jpg?_nc_cat=100&amp;ccb=1-3&amp;_nc_sid=8ae9d6&amp;_nc_ohc=JJrcXNt1LO4AX8yY6E1&amp;_nc_ht=scontent-lga3-2.cdninstagram.com&amp;oh=056b7f2c5c48ac97742083fea9fa7647&amp;oe=608B358E\" alt=\"Czarna sukienka boho z fr\u0119dzlami\" width=\"1440\" height=\"1800\" \/><\/a><figcaption class=\"wp-caption-text\">Czarna<a href=\"https:\/\/smlfashion.pl\/sukienki-smlfashion\/238-leia-czarna-koronkowa-sukienka-w-tylu-boho-na-ramiaczkach.html\"> sukienka boho z fr\u0119dzlami<\/a><\/figcaption><\/figure>\n<\/div>\n<div>\n<h2 style=\"text-align: center;\"><a href=\"https:\/\/smlfashion.pl\/sukienki-smlfashion\/238-leia-czarna-koronkowa-sukienka-w-tylu-boho-na-ramiaczkach.html\"><strong>CZARNA SUKIENKA W STYLU BOHO<\/strong><\/a><\/h2>\n<figure id=\"attachment_1408\" aria-describedby=\"caption-attachment-1408\" style=\"width: 800px\" class=\"wp-caption aligncenter\"><img loading=\"lazy\" decoding=\"async\" class=\"size-full wp-image-1408\" src=\"https:\/\/smlfashion.pl\/blog\/wp-content\/uploads\/2021\/04\/rosemary-czarna-sukienka-w-stylu-boho-koronkowa-3.jpg\" alt=\"rosemary-czarna-sukienka-w-stylu-boho-koronkowa (3)\" width=\"800\" height=\"800\" srcset=\"https:\/\/smlfashion.pl\/blog\/wp-content\/uploads\/2021\/04\/rosemary-czarna-sukienka-w-stylu-boho-koronkowa-3.jpg 800w, https:\/\/smlfashion.pl\/blog\/wp-content\/uploads\/2021\/04\/rosemary-czarna-sukienka-w-stylu-boho-koronkowa-3-300x300.jpg 300w, https:\/\/smlfashion.pl\/blog\/wp-content\/uploads\/2021\/04\/rosemary-czarna-sukienka-w-stylu-boho-koronkowa-3-150x150.jpg 150w, https:\/\/smlfashion.pl\/blog\/wp-content\/uploads\/2021\/04\/rosemary-czarna-sukienka-w-stylu-boho-koronkowa-3-768x768.jpg 768w\" sizes=\"(max-width: 800px) 100vw, 800px\" \/><figcaption id=\"caption-attachment-1408\" class=\"wp-caption-text\">CZARNA <a href=\"https:\/\/smlfashion.pl\/sukienki-smlfashion\/238-leia-czarna-koronkowa-sukienka-w-tylu-boho-na-ramiaczkach.html\">SUKIENKA<\/a> W STYLU BOHO<\/figcaption><\/figure>\n<h2 style=\"text-align: center;\"><a href=\"https:\/\/smlfashion.pl\/sukienki-smlfashion\/238-leia-czarna-koronkowa-sukienka-w-tylu-boho-na-ramiaczkach.html\"><strong>CZARNA SUKIENKA W STYLU BOHO<\/strong><\/a><\/h2>\n<figure id=\"attachment_1407\" aria-describedby=\"caption-attachment-1407\" style=\"width: 800px\" class=\"wp-caption aligncenter\"><a href=\"https:\/\/smlfashion.pl\/sukienki-smlfashion\/238-leia-czarna-koronkowa-sukienka-w-tylu-boho-na-ramiaczkach.html\"><img loading=\"lazy\" decoding=\"async\" class=\"wp-image-1407 size-full\" title=\"czarna sukienka w stylu boho\" src=\"https:\/\/smlfashion.pl\/blog\/wp-content\/uploads\/2021\/04\/rosemary-czarna-sukienka-w-stylu-boho-koronkowa-1.jpg\" alt=\"rosemary-czarna-sukienka-w-stylu-boho-koronkowa (1)\" width=\"800\" height=\"800\" srcset=\"https:\/\/smlfashion.pl\/blog\/wp-content\/uploads\/2021\/04\/rosemary-czarna-sukienka-w-stylu-boho-koronkowa-1.jpg 800w, https:\/\/smlfashion.pl\/blog\/wp-content\/uploads\/2021\/04\/rosemary-czarna-sukienka-w-stylu-boho-koronkowa-1-300x300.jpg 300w, https:\/\/smlfashion.pl\/blog\/wp-content\/uploads\/2021\/04\/rosemary-czarna-sukienka-w-stylu-boho-koronkowa-1-150x150.jpg 150w, https:\/\/smlfashion.pl\/blog\/wp-content\/uploads\/2021\/04\/rosemary-czarna-sukienka-w-stylu-boho-koronkowa-1-768x768.jpg 768w\" sizes=\"(max-width: 800px) 100vw, 800px\" \/><\/a><figcaption id=\"caption-attachment-1407\" class=\"wp-caption-text\">czarna sukienka w stylu boho<\/figcaption><\/figure>\n<\/div>\n<div><\/div>\n<div>\n<h2 style=\"text-align: center;\"><a href=\"https:\/\/smlfashion.pl\/sukienki-smlfashion\/238-leia-czarna-koronkowa-sukienka-w-tylu-boho-na-ramiaczkach.html\"><strong>CZARNA SUKIENKA W STYLU BOHO<\/strong><\/a><\/h2>\n<figure id=\"attachment_1409\" aria-describedby=\"caption-attachment-1409\" style=\"width: 800px\" class=\"wp-caption aligncenter\"><a href=\"https:\/\/smlfashion.pl\/sukienki-smlfashion\/238-leia-czarna-koronkowa-sukienka-w-tylu-boho-na-ramiaczkach.html\"><img loading=\"lazy\" decoding=\"async\" class=\"wp-image-1409 size-full\" title=\"CZARNA SUKIENKA W STYLU BOHO\" src=\"https:\/\/smlfashion.pl\/blog\/wp-content\/uploads\/2021\/04\/rosemary-czarna-sukienka-w-stylu-boho-koronkowa.jpg\" alt=\"rosemary-czarna-sukienka-w-stylu-boho-koronkowa\" width=\"800\" height=\"800\" srcset=\"https:\/\/smlfashion.pl\/blog\/wp-content\/uploads\/2021\/04\/rosemary-czarna-sukienka-w-stylu-boho-koronkowa.jpg 800w, https:\/\/smlfashion.pl\/blog\/wp-content\/uploads\/2021\/04\/rosemary-czarna-sukienka-w-stylu-boho-koronkowa-300x300.jpg 300w, https:\/\/smlfashion.pl\/blog\/wp-content\/uploads\/2021\/04\/rosemary-czarna-sukienka-w-stylu-boho-koronkowa-150x150.jpg 150w, https:\/\/smlfashion.pl\/blog\/wp-content\/uploads\/2021\/04\/rosemary-czarna-sukienka-w-stylu-boho-koronkowa-768x768.jpg 768w\" sizes=\"(max-width: 800px) 100vw, 800px\" \/><\/a><figcaption id=\"caption-attachment-1409\" class=\"wp-caption-text\">CZARNA SUKIENKA W STYLU BOHO<\/figcaption><\/figure>\n<\/div>\n<div>\n<div>\u2800<br \/>\n#czwartek #sukienka #butikonline #onlineshopping #onlinebutik #fashion #style #instafashion #bohostyle<br \/>\n#bohofashion #bestsellers #kolekcja2021 #zakupyonline #kolekcja #sukienki #trendy2021 #boho #moda2021 #smlfashion #kobieta #modnakobieta #modneubrania #wiosennie #modnadziewczyna #summer #wiosna2021 #poland #polishwoman #polishgirl #wiosna<br \/>\n\u2800<br \/>\n\u015awietne stylizacje w super cenach ? Wysy\u0142ka w 24h ? ???\u0307??? ?????\u0301 ????? \u27a1\ufe0f <a href=\"https:\/\/smlfashion.pl\">www.smlfashion.pl<\/a><\/div>\n<\/div>\n<div id='gallery-1' class='gallery galleryid-1383 gallery-columns-3 gallery-size-thumbnail'><figure class='gallery-item'>\n\t\t\t<div class='gallery-icon landscape'>\n\t\t\t\t<a href='https:\/\/smlfashion.pl\/blog\/czarna-sukienka-w-stylu-boho-wiosna-lato-2021\/rosemary-czarna-sukienka-w-stylu-boho-koronkowa\/'><img loading=\"lazy\" decoding=\"async\" width=\"150\" height=\"150\" src=\"https:\/\/smlfashion.pl\/blog\/wp-content\/uploads\/2021\/04\/rosemary-czarna-sukienka-w-stylu-boho-koronkowa-150x150.jpg\" class=\"attachment-thumbnail size-thumbnail\" alt=\"rosemary-czarna-sukienka-w-stylu-boho-koronkowa\" aria-describedby=\"gallery-1-1409\" srcset=\"https:\/\/smlfashion.pl\/blog\/wp-content\/uploads\/2021\/04\/rosemary-czarna-sukienka-w-stylu-boho-koronkowa-150x150.jpg 150w, https:\/\/smlfashion.pl\/blog\/wp-content\/uploads\/2021\/04\/rosemary-czarna-sukienka-w-stylu-boho-koronkowa-300x300.jpg 300w, https:\/\/smlfashion.pl\/blog\/wp-content\/uploads\/2021\/04\/rosemary-czarna-sukienka-w-stylu-boho-koronkowa-768x768.jpg 768w, https:\/\/smlfashion.pl\/blog\/wp-content\/uploads\/2021\/04\/rosemary-czarna-sukienka-w-stylu-boho-koronkowa.jpg 800w\" sizes=\"(max-width: 150px) 100vw, 150px\" data-id=\"1409\" \/><\/a>\n\t\t\t<\/div>\n\t\t\t\t<figcaption class='wp-caption-text gallery-caption' id='gallery-1-1409'>\n\t\t\t\tCZARNA SUKIENKA W STYLU BOHO\n\t\t\t\t<\/figcaption><\/figure><figure class='gallery-item'>\n\t\t\t<div class='gallery-icon landscape'>\n\t\t\t\t<a href='https:\/\/smlfashion.pl\/blog\/czarna-sukienka-w-stylu-boho-wiosna-lato-2021\/rosemary-czarna-sukienka-w-stylu-boho-koronkowa-3\/'><img loading=\"lazy\" decoding=\"async\" width=\"150\" height=\"150\" src=\"https:\/\/smlfashion.pl\/blog\/wp-content\/uploads\/2021\/04\/rosemary-czarna-sukienka-w-stylu-boho-koronkowa-3-150x150.jpg\" class=\"attachment-thumbnail size-thumbnail\" alt=\"rosemary-czarna-sukienka-w-stylu-boho-koronkowa (3)\" aria-describedby=\"gallery-1-1408\" srcset=\"https:\/\/smlfashion.pl\/blog\/wp-content\/uploads\/2021\/04\/rosemary-czarna-sukienka-w-stylu-boho-koronkowa-3-150x150.jpg 150w, https:\/\/smlfashion.pl\/blog\/wp-content\/uploads\/2021\/04\/rosemary-czarna-sukienka-w-stylu-boho-koronkowa-3-300x300.jpg 300w, https:\/\/smlfashion.pl\/blog\/wp-content\/uploads\/2021\/04\/rosemary-czarna-sukienka-w-stylu-boho-koronkowa-3-768x768.jpg 768w, https:\/\/smlfashion.pl\/blog\/wp-content\/uploads\/2021\/04\/rosemary-czarna-sukienka-w-stylu-boho-koronkowa-3.jpg 800w\" sizes=\"(max-width: 150px) 100vw, 150px\" data-id=\"1408\" \/><\/a>\n\t\t\t<\/div>\n\t\t\t\t<figcaption class='wp-caption-text gallery-caption' id='gallery-1-1408'>\n\t\t\t\tCZARNA SUKIENKA W STYLU BOHO\n\t\t\t\t<\/figcaption><\/figure><figure class='gallery-item'>\n\t\t\t<div class='gallery-icon landscape'>\n\t\t\t\t<a href='https:\/\/smlfashion.pl\/blog\/czarna-sukienka-w-stylu-boho-wiosna-lato-2021\/rosemary-czarna-sukienka-w-stylu-boho-koronkowa-1\/'><img loading=\"lazy\" decoding=\"async\" width=\"150\" height=\"150\" src=\"https:\/\/smlfashion.pl\/blog\/wp-content\/uploads\/2021\/04\/rosemary-czarna-sukienka-w-stylu-boho-koronkowa-1-150x150.jpg\" class=\"attachment-thumbnail size-thumbnail\" alt=\"rosemary-czarna-sukienka-w-stylu-boho-koronkowa (1)\" aria-describedby=\"gallery-1-1407\" srcset=\"https:\/\/smlfashion.pl\/blog\/wp-content\/uploads\/2021\/04\/rosemary-czarna-sukienka-w-stylu-boho-koronkowa-1-150x150.jpg 150w, https:\/\/smlfashion.pl\/blog\/wp-content\/uploads\/2021\/04\/rosemary-czarna-sukienka-w-stylu-boho-koronkowa-1-300x300.jpg 300w, https:\/\/smlfashion.pl\/blog\/wp-content\/uploads\/2021\/04\/rosemary-czarna-sukienka-w-stylu-boho-koronkowa-1-768x768.jpg 768w, https:\/\/smlfashion.pl\/blog\/wp-content\/uploads\/2021\/04\/rosemary-czarna-sukienka-w-stylu-boho-koronkowa-1.jpg 800w\" sizes=\"(max-width: 150px) 100vw, 150px\" data-id=\"1407\" \/><\/a>\n\t\t\t<\/div>\n\t\t\t\t<figcaption class='wp-caption-text gallery-caption' id='gallery-1-1407'>\n\t\t\t\tczarna sukienka w stylu boho\n\t\t\t\t<\/figcaption><\/figure>\n\t\t<\/div>\n\n<div class=\"wprss_ajax\" data-id=\"rss895baeb9d1\"><img loading=\"lazy\" decoding=\"async\" src=\"https:\/\/smlfashion.pl\/blog\/wp-content\/plugins\/wp-rss-retriever\/inc\/imgs\/ajax-loader.gif\" alt=\"Loading RSS Feed\" width=\"16\" height=\"16\"><\/div>\n","protected":false},"excerpt":{"rendered":"<p>Styl boho ju\u017c od kilku sezon\u00f3w wiedzie prym w kolekcjach wiosenno-letnich. ? ? ? ? Trend boho to absolutny modowy fenomen. Inspiruje projektant\u00f3w, rozkocha\u0142 w sobie gwiazdy, influencerki i zwyk\u0142e kobiety na ca\u0142ym \u015bwiecie. Jak \u017caden inny trend, dodaje letniego klimatu ka\u017cdej stylizacji.<\/p>\n","protected":false},"author":1,"featured_media":1410,"comment_status":"open","ping_status":"open","sticky":false,"template":"","format":"image","meta":{"footnotes":""},"categories":[228],"tags":[341,54,391,106,394,392,393,16,348,313,343,311,53,344,352,340,346,347,356,355,345,354,353,342,351,298,299,350,349],"yoast_head":"<!-- This site is optimized with the Yoast SEO plugin v20.4 - https:\/\/yoast.com\/wordpress\/plugins\/seo\/ -->\n<title>Czarna sukienka w stylu boho musi znale\u017a\u0107 si\u0119 w Twojej kolekcji na wiosn\u0119 lato 2021 - blog modowy smlfashion.pl<\/title>\n<meta name=\"robots\" content=\"index, follow, max-snippet:-1, max-image-preview:large, max-video-preview:-1\" \/>\n<link rel=\"canonical\" href=\"https:\/\/smlfashion.pl\/blog\/czarna-sukienka-w-stylu-boho-wiosna-lato-2021\/\" \/>\n<meta property=\"og:locale\" content=\"pl_PL\" \/>\n<meta property=\"og:type\" content=\"article\" \/>\n<meta property=\"og:title\" content=\"Czarna sukienka w stylu boho musi znale\u017a\u0107 si\u0119 w Twojej kolekcji na wiosn\u0119 lato 2021 - blog modowy smlfashion.pl\" \/>\n<meta property=\"og:description\" content=\"Styl boho ju\u017c od kilku sezon\u00f3w wiedzie prym w kolekcjach wiosenno-letnich. ? ? ? ? Trend boho to absolutny modowy fenomen. Inspiruje projektant\u00f3w, rozkocha\u0142 w sobie gwiazdy, influencerki i zwyk\u0142e kobiety na ca\u0142ym \u015bwiecie. Jak \u017caden inny trend, dodaje letniego klimatu ka\u017cdej stylizacji.\" \/>\n<meta property=\"og:url\" content=\"https:\/\/smlfashion.pl\/blog\/czarna-sukienka-w-stylu-boho-wiosna-lato-2021\/\" \/>\n<meta property=\"og:site_name\" content=\"blog modowy smlfashion.pl\" \/>\n<meta property=\"article:published_time\" content=\"2021-04-01T17:35:13+00:00\" \/>\n<meta property=\"article:modified_time\" content=\"2021-04-11T13:45:37+00:00\" \/>\n<meta property=\"og:image\" content=\"https:\/\/smlfashion.pl\/blog\/wp-content\/uploads\/2021\/04\/czarna-sukienka-boho-Duzy.jpeg\" \/>\n\t<meta property=\"og:image:width\" content=\"1620\" \/>\n\t<meta property=\"og:image:height\" content=\"1080\" \/>\n\t<meta property=\"og:image:type\" content=\"image\/jpeg\" \/>\n<meta name=\"author\" content=\"smlfashion\" \/>\n<meta name=\"twitter:card\" content=\"summary_large_image\" \/>\n<meta name=\"twitter:label1\" content=\"Napisane przez\" \/>\n\t<meta name=\"twitter:data1\" content=\"smlfashion\" \/>\n\t<meta name=\"twitter:label2\" content=\"Szacowany czas czytania\" \/>\n\t<meta name=\"twitter:data2\" content=\"2 minuty\" \/>\n<script type=\"application\/ld+json\" class=\"yoast-schema-graph\">{\"@context\":\"https:\/\/schema.org\",\"@graph\":[{\"@type\":\"WebPage\",\"@id\":\"https:\/\/smlfashion.pl\/blog\/czarna-sukienka-w-stylu-boho-wiosna-lato-2021\/\",\"url\":\"https:\/\/smlfashion.pl\/blog\/czarna-sukienka-w-stylu-boho-wiosna-lato-2021\/\",\"name\":\"Czarna sukienka w stylu boho musi znale\u017a\u0107 si\u0119 w Twojej kolekcji na wiosn\u0119 lato 2021 - blog modowy smlfashion.pl\",\"isPartOf\":{\"@id\":\"https:\/\/smlfashion.pl\/blog\/#website\"},\"datePublished\":\"2021-04-01T17:35:13+00:00\",\"dateModified\":\"2021-04-11T13:45:37+00:00\",\"author\":{\"@id\":\"https:\/\/smlfashion.pl\/blog\/#\/schema\/person\/45312f4ceaeb56089a3ae1390b2d9423\"},\"breadcrumb\":{\"@id\":\"https:\/\/smlfashion.pl\/blog\/czarna-sukienka-w-stylu-boho-wiosna-lato-2021\/#breadcrumb\"},\"inLanguage\":\"pl-PL\",\"potentialAction\":[{\"@type\":\"ReadAction\",\"target\":[\"https:\/\/smlfashion.pl\/blog\/czarna-sukienka-w-stylu-boho-wiosna-lato-2021\/\"]}]},{\"@type\":\"BreadcrumbList\",\"@id\":\"https:\/\/smlfashion.pl\/blog\/czarna-sukienka-w-stylu-boho-wiosna-lato-2021\/#breadcrumb\",\"itemListElement\":[{\"@type\":\"ListItem\",\"position\":1,\"name\":\"Strona g\u0142\u00f3wna\",\"item\":\"https:\/\/smlfashion.pl\/blog\/\"},{\"@type\":\"ListItem\",\"position\":2,\"name\":\"Czarna sukienka w stylu boho musi znale\u017a\u0107 si\u0119 w Twojej kolekcji na wiosn\u0119 lato 2021\"}]},{\"@type\":\"WebSite\",\"@id\":\"https:\/\/smlfashion.pl\/blog\/#website\",\"url\":\"https:\/\/smlfashion.pl\/blog\/\",\"name\":\"blog modowy smlfashion.pl\",\"description\":\"blog modowy smlfashion.pl - inspiracje, moda, trendy, stylizacje.\",\"potentialAction\":[{\"@type\":\"SearchAction\",\"target\":{\"@type\":\"EntryPoint\",\"urlTemplate\":\"https:\/\/smlfashion.pl\/blog\/?s={search_term_string}\"},\"query-input\":\"required name=search_term_string\"}],\"inLanguage\":\"pl-PL\"},{\"@type\":\"Person\",\"@id\":\"https:\/\/smlfashion.pl\/blog\/#\/schema\/person\/45312f4ceaeb56089a3ae1390b2d9423\",\"name\":\"smlfashion\",\"sameAs\":[\"http:\/\/smlfashion.pl\/blog\"],\"url\":\"https:\/\/smlfashion.pl\/blog\/author\/smlfashion\/\"}]}<\/script>\n<!-- \/ Yoast SEO plugin. -->","yoast_head_json":{"title":"Czarna sukienka w stylu boho musi znale\u017a\u0107 si\u0119 w Twojej kolekcji na wiosn\u0119 lato 2021 - blog modowy smlfashion.pl","robots":{"index":"index","follow":"follow","max-snippet":"max-snippet:-1","max-image-preview":"max-image-preview:large","max-video-preview":"max-video-preview:-1"},"canonical":"https:\/\/smlfashion.pl\/blog\/czarna-sukienka-w-stylu-boho-wiosna-lato-2021\/","og_locale":"pl_PL","og_type":"article","og_title":"Czarna sukienka w stylu boho musi znale\u017a\u0107 si\u0119 w Twojej kolekcji na wiosn\u0119 lato 2021 - blog modowy smlfashion.pl","og_description":"Styl boho ju\u017c od kilku sezon\u00f3w wiedzie prym w kolekcjach wiosenno-letnich. ? ? ? ? Trend boho to absolutny modowy fenomen. Inspiruje projektant\u00f3w, rozkocha\u0142 w sobie gwiazdy, influencerki i zwyk\u0142e kobiety na ca\u0142ym \u015bwiecie. Jak \u017caden inny trend, dodaje letniego klimatu ka\u017cdej stylizacji.","og_url":"https:\/\/smlfashion.pl\/blog\/czarna-sukienka-w-stylu-boho-wiosna-lato-2021\/","og_site_name":"blog modowy smlfashion.pl","article_published_time":"2021-04-01T17:35:13+00:00","article_modified_time":"2021-04-11T13:45:37+00:00","og_image":[{"width":1620,"height":1080,"url":"https:\/\/smlfashion.pl\/blog\/wp-content\/uploads\/2021\/04\/czarna-sukienka-boho-Duzy.jpeg","type":"image\/jpeg"}],"author":"smlfashion","twitter_card":"summary_large_image","twitter_misc":{"Napisane przez":"smlfashion","Szacowany czas czytania":"2 minuty"},"schema":{"@context":"https:\/\/schema.org","@graph":[{"@type":"WebPage","@id":"https:\/\/smlfashion.pl\/blog\/czarna-sukienka-w-stylu-boho-wiosna-lato-2021\/","url":"https:\/\/smlfashion.pl\/blog\/czarna-sukienka-w-stylu-boho-wiosna-lato-2021\/","name":"Czarna sukienka w stylu boho musi znale\u017a\u0107 si\u0119 w Twojej kolekcji na wiosn\u0119 lato 2021 - blog modowy smlfashion.pl","isPartOf":{"@id":"https:\/\/smlfashion.pl\/blog\/#website"},"datePublished":"2021-04-01T17:35:13+00:00","dateModified":"2021-04-11T13:45:37+00:00","author":{"@id":"https:\/\/smlfashion.pl\/blog\/#\/schema\/person\/45312f4ceaeb56089a3ae1390b2d9423"},"breadcrumb":{"@id":"https:\/\/smlfashion.pl\/blog\/czarna-sukienka-w-stylu-boho-wiosna-lato-2021\/#breadcrumb"},"inLanguage":"pl-PL","potentialAction":[{"@type":"ReadAction","target":["https:\/\/smlfashion.pl\/blog\/czarna-sukienka-w-stylu-boho-wiosna-lato-2021\/"]}]},{"@type":"BreadcrumbList","@id":"https:\/\/smlfashion.pl\/blog\/czarna-sukienka-w-stylu-boho-wiosna-lato-2021\/#breadcrumb","itemListElement":[{"@type":"ListItem","position":1,"name":"Strona g\u0142\u00f3wna","item":"https:\/\/smlfashion.pl\/blog\/"},{"@type":"ListItem","position":2,"name":"Czarna sukienka w stylu boho musi znale\u017a\u0107 si\u0119 w Twojej kolekcji na wiosn\u0119 lato 2021"}]},{"@type":"WebSite","@id":"https:\/\/smlfashion.pl\/blog\/#website","url":"https:\/\/smlfashion.pl\/blog\/","name":"blog modowy smlfashion.pl","description":"blog modowy smlfashion.pl - inspiracje, moda, trendy, stylizacje.","potentialAction":[{"@type":"SearchAction","target":{"@type":"EntryPoint","urlTemplate":"https:\/\/smlfashion.pl\/blog\/?s={search_term_string}"},"query-input":"required name=search_term_string"}],"inLanguage":"pl-PL"},{"@type":"Person","@id":"https:\/\/smlfashion.pl\/blog\/#\/schema\/person\/45312f4ceaeb56089a3ae1390b2d9423","name":"smlfashion","sameAs":["http:\/\/smlfashion.pl\/blog"],"url":"https:\/\/smlfashion.pl\/blog\/author\/smlfashion\/"}]}},"_links":{"self":[{"href":"https:\/\/smlfashion.pl\/blog\/wp-json\/wp\/v2\/posts\/1383"}],"collection":[{"href":"https:\/\/smlfashion.pl\/blog\/wp-json\/wp\/v2\/posts"}],"about":[{"href":"https:\/\/smlfashion.pl\/blog\/wp-json\/wp\/v2\/types\/post"}],"author":[{"embeddable":true,"href":"https:\/\/smlfashion.pl\/blog\/wp-json\/wp\/v2\/users\/1"}],"replies":[{"embeddable":true,"href":"https:\/\/smlfashion.pl\/blog\/wp-json\/wp\/v2\/comments?post=1383"}],"version-history":[{"count":3,"href":"https:\/\/smlfashion.pl\/blog\/wp-json\/wp\/v2\/posts\/1383\/revisions"}],"predecessor-version":[{"id":1435,"href":"https:\/\/smlfashion.pl\/blog\/wp-json\/wp\/v2\/posts\/1383\/revisions\/1435"}],"wp:featuredmedia":[{"embeddable":true,"href":"https:\/\/smlfashion.pl\/blog\/wp-json\/wp\/v2\/media\/1410"}],"wp:attachment":[{"href":"https:\/\/smlfashion.pl\/blog\/wp-json\/wp\/v2\/media?parent=1383"}],"wp:term":[{"taxonomy":"category","embeddable":true,"href":"https:\/\/smlfashion.pl\/blog\/wp-json\/wp\/v2\/categories?post=1383"},{"taxonomy":"post_tag","embeddable":true,"href":"https:\/\/smlfashion.pl\/blog\/wp-json\/wp\/v2\/tags?post=1383"}],"curies":[{"name":"wp","href":"https:\/\/api.w.org\/{rel}","templated":true}]}}