{"id":1358,"date":"2021-04-01T18:28:11","date_gmt":"2021-04-01T16:28:11","guid":{"rendered":"https:\/\/smlfashion.pl\/blog\/?p=1358"},"modified":"2022-05-09T13:19:04","modified_gmt":"2022-05-09T11:19:04","slug":"wspolpraca-kampania-modowa-blogerki-influencerki-szukamy","status":"publish","type":"post","link":"https:\/\/smlfashion.pl\/blog\/wspolpraca-kampania-modowa-blogerki-influencerki-szukamy\/","title":{"rendered":"Wsp\u00f3\u0142praca kampania modowa blogerki, influencerki &#8211; szukamy&#8230;"},"content":{"rendered":"<p>Szukamy influencerek &#8211; sprawd\u017a mo\u017ce,\u00a0 to w\u0142a\u015bnie Ciebie!<\/p>\n<h2><a href=\"https:\/\/www.smlfashion.pl\/\"><img loading=\"lazy\" decoding=\"async\" class=\"aligncenter wp-image-1219 size-full\" src=\"https:\/\/smlfashion.pl\/blog\/wp-content\/uploads\/2021\/03\/Zdjecie-w-tle-na-Facebook-851x315-px-Dlugi-baner-Niestandardowe-wymiary-2.gif\" alt=\"sukienki smlfashion.pl\" width=\"400\" height=\"150\" \/><\/a><\/h2>\n<p><!--more--><\/p>\n<h1 style=\"text-align: center;\">Poni\u017cej propozycje z linkami do sklepu smlfashion.pl<\/h1>\n<h1><\/h1>\n<div class=\"mceTemp\"><\/div>\n<p>&nbsp;<\/p>\n<h1 style=\"text-align: center;\"><a href=\"https:\/\/smlfashion.pl\/glowna\/143-isabelle-bawelniany-komplet-damski-jasny-roz-bluzeczka-i-spodniczka-olowkowa.html\">Isabelle bawe\u0142niany komplet damski<\/a> &#8211; 89,99z\u0142<\/h1>\n<figure id=\"attachment_1361\" aria-describedby=\"caption-attachment-1361\" style=\"width: 800px\" class=\"wp-caption aligncenter\"><a href=\"https:\/\/smlfashion.pl\/glowna\/143-isabelle-bawelniany-komplet-damski-jasny-roz-bluzeczka-i-spodniczka-olowkowa.html\"><img loading=\"lazy\" decoding=\"async\" class=\"wp-image-1361 size-full\" title=\"Isabelle bawe\u0142niany komplet damski\" src=\"https:\/\/smlfashion.pl\/blog\/wp-content\/uploads\/2021\/04\/isabelle-bawelniany-komplet-damski-jasny-roz-bluzeczka-i-spodniczka-olowkowa-1.jpg\" alt=\"isabelle-bawelniany-komplet-damski-jasny-roz-bluzeczka-i-spodniczka-olowkowa (1)\" width=\"800\" height=\"800\" srcset=\"https:\/\/smlfashion.pl\/blog\/wp-content\/uploads\/2021\/04\/isabelle-bawelniany-komplet-damski-jasny-roz-bluzeczka-i-spodniczka-olowkowa-1.jpg 800w, https:\/\/smlfashion.pl\/blog\/wp-content\/uploads\/2021\/04\/isabelle-bawelniany-komplet-damski-jasny-roz-bluzeczka-i-spodniczka-olowkowa-1-300x300.jpg 300w, https:\/\/smlfashion.pl\/blog\/wp-content\/uploads\/2021\/04\/isabelle-bawelniany-komplet-damski-jasny-roz-bluzeczka-i-spodniczka-olowkowa-1-150x150.jpg 150w, https:\/\/smlfashion.pl\/blog\/wp-content\/uploads\/2021\/04\/isabelle-bawelniany-komplet-damski-jasny-roz-bluzeczka-i-spodniczka-olowkowa-1-768x768.jpg 768w\" sizes=\"(max-width: 800px) 100vw, 800px\" \/><\/a><figcaption id=\"caption-attachment-1361\" class=\"wp-caption-text\"><a href=\"https:\/\/smlfashion.pl\/glowna\/143-isabelle-bawelniany-komplet-damski-jasny-roz-bluzeczka-i-spodniczka-olowkowa.html\">Isabelle bawe\u0142niany komplet damski<\/a><\/figcaption><\/figure>\n<figure id=\"attachment_1362\" aria-describedby=\"caption-attachment-1362\" style=\"width: 800px\" class=\"wp-caption aligncenter\"><a href=\"https:\/\/smlfashion.pl\/glowna\/143-isabelle-bawelniany-komplet-damski-jasny-roz-bluzeczka-i-spodniczka-olowkowa.html\"><img loading=\"lazy\" decoding=\"async\" class=\"wp-image-1362 size-full\" title=\"Isabelle bawe\u0142niany komplet damski\" src=\"https:\/\/smlfashion.pl\/blog\/wp-content\/uploads\/2021\/04\/isabelle-bawelniany-komplet-damski-jasny-roz-bluzeczka-i-spodniczka-olowkowa.jpg\" alt=\"isabelle-bawelniany-komplet-damski-jasny-roz-bluzeczka-i-spodniczka-olowkowa\" width=\"800\" height=\"800\" srcset=\"https:\/\/smlfashion.pl\/blog\/wp-content\/uploads\/2021\/04\/isabelle-bawelniany-komplet-damski-jasny-roz-bluzeczka-i-spodniczka-olowkowa.jpg 800w, https:\/\/smlfashion.pl\/blog\/wp-content\/uploads\/2021\/04\/isabelle-bawelniany-komplet-damski-jasny-roz-bluzeczka-i-spodniczka-olowkowa-300x300.jpg 300w, https:\/\/smlfashion.pl\/blog\/wp-content\/uploads\/2021\/04\/isabelle-bawelniany-komplet-damski-jasny-roz-bluzeczka-i-spodniczka-olowkowa-150x150.jpg 150w, https:\/\/smlfashion.pl\/blog\/wp-content\/uploads\/2021\/04\/isabelle-bawelniany-komplet-damski-jasny-roz-bluzeczka-i-spodniczka-olowkowa-768x768.jpg 768w\" sizes=\"(max-width: 800px) 100vw, 800px\" \/><\/a><figcaption id=\"caption-attachment-1362\" class=\"wp-caption-text\"><a href=\"https:\/\/smlfashion.pl\/glowna\/143-isabelle-bawelniany-komplet-damski-jasny-roz-bluzeczka-i-spodniczka-olowkowa.html\">Isabelle bawe\u0142niany komplet damski<\/a><\/figcaption><\/figure>\n<h1><\/h1>\n<h1 style=\"text-align: center;\"><a href=\"https:\/\/smlfashion.pl\/sukienki-smlfashion\/247-margaret-niebieska-dopasowana-bawelniana-sukienka.html\">Margaret dopasowana bawe\u0142niana sukienka<\/a> 69,99z\u0142<\/h1>\n<figure id=\"attachment_1363\" aria-describedby=\"caption-attachment-1363\" style=\"width: 800px\" class=\"wp-caption aligncenter\"><a href=\"https:\/\/smlfashion.pl\/sukienki-smlfashion\/247-margaret-niebieska-dopasowana-bawelniana-sukienka.html\"><img loading=\"lazy\" decoding=\"async\" class=\"wp-image-1363 size-full\" title=\"Margaret dopasowana bawe\u0142niana sukienka\" src=\"https:\/\/smlfashion.pl\/blog\/wp-content\/uploads\/2021\/04\/margaret-niebieska-dopasowana-bawelniana-sukienka-1.jpg\" alt=\"margaret-niebieska-dopasowana-bawelniana-sukienka (1)\" width=\"800\" height=\"800\" srcset=\"https:\/\/smlfashion.pl\/blog\/wp-content\/uploads\/2021\/04\/margaret-niebieska-dopasowana-bawelniana-sukienka-1.jpg 800w, https:\/\/smlfashion.pl\/blog\/wp-content\/uploads\/2021\/04\/margaret-niebieska-dopasowana-bawelniana-sukienka-1-300x300.jpg 300w, https:\/\/smlfashion.pl\/blog\/wp-content\/uploads\/2021\/04\/margaret-niebieska-dopasowana-bawelniana-sukienka-1-150x150.jpg 150w, https:\/\/smlfashion.pl\/blog\/wp-content\/uploads\/2021\/04\/margaret-niebieska-dopasowana-bawelniana-sukienka-1-768x768.jpg 768w\" sizes=\"(max-width: 800px) 100vw, 800px\" \/><\/a><figcaption id=\"caption-attachment-1363\" class=\"wp-caption-text\"><a href=\"https:\/\/smlfashion.pl\/sukienki-smlfashion\/247-margaret-niebieska-dopasowana-bawelniana-sukienka.html\">Margaret dopasowana bawe\u0142niana sukienka<\/a><\/figcaption><\/figure>\n<figure id=\"attachment_1364\" aria-describedby=\"caption-attachment-1364\" style=\"width: 800px\" class=\"wp-caption aligncenter\"><a href=\"https:\/\/smlfashion.pl\/sukienki-smlfashion\/247-margaret-niebieska-dopasowana-bawelniana-sukienka.html\"><img loading=\"lazy\" decoding=\"async\" class=\"wp-image-1364 size-full\" title=\"Margaret dopasowana bawe\u0142niana sukienka\" src=\"https:\/\/smlfashion.pl\/blog\/wp-content\/uploads\/2021\/04\/margaret-niebieska-dopasowana-bawelniana-sukienka.jpg\" alt=\"margaret-niebieska-dopasowana-bawelniana-sukienka\" width=\"800\" height=\"800\" srcset=\"https:\/\/smlfashion.pl\/blog\/wp-content\/uploads\/2021\/04\/margaret-niebieska-dopasowana-bawelniana-sukienka.jpg 800w, https:\/\/smlfashion.pl\/blog\/wp-content\/uploads\/2021\/04\/margaret-niebieska-dopasowana-bawelniana-sukienka-300x300.jpg 300w, https:\/\/smlfashion.pl\/blog\/wp-content\/uploads\/2021\/04\/margaret-niebieska-dopasowana-bawelniana-sukienka-150x150.jpg 150w, https:\/\/smlfashion.pl\/blog\/wp-content\/uploads\/2021\/04\/margaret-niebieska-dopasowana-bawelniana-sukienka-768x768.jpg 768w\" sizes=\"(max-width: 800px) 100vw, 800px\" \/><\/a><figcaption id=\"caption-attachment-1364\" class=\"wp-caption-text\"><a href=\"https:\/\/smlfashion.pl\/sukienki-smlfashion\/247-margaret-niebieska-dopasowana-bawelniana-sukienka.html\">Margaret dopasowana bawe\u0142niana sukienka<\/a><\/figcaption><\/figure>\n<p>&nbsp;<\/p>\n<h1 style=\"text-align: center;\"><a href=\"https:\/\/smlfashion.pl\/glowna\/263-sara-szara-prazkowana-sukienka-z-golfikiem-mini-bawelniana.html\">Sara szara pr\u0105\u017ckowana sukienka z golfikiem mini <\/a>69,99z\u0142<\/h1>\n<figure id=\"attachment_1369\" aria-describedby=\"caption-attachment-1369\" style=\"width: 800px\" class=\"wp-caption aligncenter\"><a href=\"https:\/\/smlfashion.pl\/glowna\/263-sara-szara-prazkowana-sukienka-z-golfikiem-mini-bawelniana.html\"><img loading=\"lazy\" decoding=\"async\" class=\"wp-image-1369 size-full\" title=\"Sara szara pr\u0105\u017ckowana sukienka z golfikiem mini\" src=\"https:\/\/smlfashion.pl\/blog\/wp-content\/uploads\/2021\/04\/sara-szara-prazkowana-sukienka-z-golfikiem-mini-bawelniana-1.jpg\" alt=\"sara-szara-prazkowana-sukienka-z-golfikiem-mini-bawelniana (1)\" width=\"800\" height=\"800\" srcset=\"https:\/\/smlfashion.pl\/blog\/wp-content\/uploads\/2021\/04\/sara-szara-prazkowana-sukienka-z-golfikiem-mini-bawelniana-1.jpg 800w, https:\/\/smlfashion.pl\/blog\/wp-content\/uploads\/2021\/04\/sara-szara-prazkowana-sukienka-z-golfikiem-mini-bawelniana-1-300x300.jpg 300w, https:\/\/smlfashion.pl\/blog\/wp-content\/uploads\/2021\/04\/sara-szara-prazkowana-sukienka-z-golfikiem-mini-bawelniana-1-150x150.jpg 150w, https:\/\/smlfashion.pl\/blog\/wp-content\/uploads\/2021\/04\/sara-szara-prazkowana-sukienka-z-golfikiem-mini-bawelniana-1-768x768.jpg 768w\" sizes=\"(max-width: 800px) 100vw, 800px\" \/><\/a><figcaption id=\"caption-attachment-1369\" class=\"wp-caption-text\"><a href=\"https:\/\/smlfashion.pl\/glowna\/263-sara-szara-prazkowana-sukienka-z-golfikiem-mini-bawelniana.html\">Sara szara pr\u0105\u017ckowana sukienka z golfikiem mini<\/a><\/figcaption><\/figure>\n<figure id=\"attachment_1370\" aria-describedby=\"caption-attachment-1370\" style=\"width: 800px\" class=\"wp-caption aligncenter\"><a href=\"https:\/\/smlfashion.pl\/glowna\/263-sara-szara-prazkowana-sukienka-z-golfikiem-mini-bawelniana.html\"><img loading=\"lazy\" decoding=\"async\" class=\"wp-image-1370 size-full\" title=\"Sara szara pr\u0105\u017ckowana sukienka z golfikiem mini\" src=\"https:\/\/smlfashion.pl\/blog\/wp-content\/uploads\/2021\/04\/sara-szara-prazkowana-sukienka-z-golfikiem-mini-bawelniana.jpg\" alt=\"sara-szara-prazkowana-sukienka-z-golfikiem-mini-bawelniana\" width=\"800\" height=\"800\" srcset=\"https:\/\/smlfashion.pl\/blog\/wp-content\/uploads\/2021\/04\/sara-szara-prazkowana-sukienka-z-golfikiem-mini-bawelniana.jpg 800w, https:\/\/smlfashion.pl\/blog\/wp-content\/uploads\/2021\/04\/sara-szara-prazkowana-sukienka-z-golfikiem-mini-bawelniana-300x300.jpg 300w, https:\/\/smlfashion.pl\/blog\/wp-content\/uploads\/2021\/04\/sara-szara-prazkowana-sukienka-z-golfikiem-mini-bawelniana-150x150.jpg 150w, https:\/\/smlfashion.pl\/blog\/wp-content\/uploads\/2021\/04\/sara-szara-prazkowana-sukienka-z-golfikiem-mini-bawelniana-768x768.jpg 768w\" sizes=\"(max-width: 800px) 100vw, 800px\" \/><\/a><figcaption id=\"caption-attachment-1370\" class=\"wp-caption-text\"><a href=\"https:\/\/smlfashion.pl\/glowna\/263-sara-szara-prazkowana-sukienka-z-golfikiem-mini-bawelniana.html\">Sara szara pr\u0105\u017ckowana sukienka z golfikiem mini<\/a><\/figcaption><\/figure>\n<h1><\/h1>\n<h1 style=\"text-align: center;\"><a href=\"https:\/\/smlfashion.pl\/glowna\/264-tara-bawelniana-prazkowana-sukienki-mini-z-wycieciami.html\">Tara bawe\u0142niana pr\u0105\u017ckowana sukienki mini\u00a0<\/a> &#8211; 79,99z\u0142<\/h1>\n<figure id=\"attachment_1371\" aria-describedby=\"caption-attachment-1371\" style=\"width: 800px\" class=\"wp-caption aligncenter\"><a href=\"https:\/\/smlfashion.pl\/glowna\/264-tara-bawelniana-prazkowana-sukienki-mini-z-wycieciami.html\"><img loading=\"lazy\" decoding=\"async\" class=\"wp-image-1371 size-full\" title=\"Tara bawe\u0142niana pr\u0105\u017ckowana sukienki\" src=\"https:\/\/smlfashion.pl\/blog\/wp-content\/uploads\/2021\/04\/tara-bawelniana-prazkowana-sukienki-mini-z-wycieciami-1.jpg\" alt=\"tara-bawelniana-prazkowana-sukienki-mini-z-wycieciami (1)\" width=\"800\" height=\"800\" srcset=\"https:\/\/smlfashion.pl\/blog\/wp-content\/uploads\/2021\/04\/tara-bawelniana-prazkowana-sukienki-mini-z-wycieciami-1.jpg 800w, https:\/\/smlfashion.pl\/blog\/wp-content\/uploads\/2021\/04\/tara-bawelniana-prazkowana-sukienki-mini-z-wycieciami-1-300x300.jpg 300w, https:\/\/smlfashion.pl\/blog\/wp-content\/uploads\/2021\/04\/tara-bawelniana-prazkowana-sukienki-mini-z-wycieciami-1-150x150.jpg 150w, https:\/\/smlfashion.pl\/blog\/wp-content\/uploads\/2021\/04\/tara-bawelniana-prazkowana-sukienki-mini-z-wycieciami-1-768x768.jpg 768w\" sizes=\"(max-width: 800px) 100vw, 800px\" \/><\/a><figcaption id=\"caption-attachment-1371\" class=\"wp-caption-text\"><a href=\"https:\/\/smlfashion.pl\/glowna\/264-tara-bawelniana-prazkowana-sukienki-mini-z-wycieciami.html\">Tara bawe\u0142niana pr\u0105\u017ckowana sukienki<\/a><\/figcaption><\/figure>\n<figure id=\"attachment_1372\" aria-describedby=\"caption-attachment-1372\" style=\"width: 800px\" class=\"wp-caption aligncenter\"><a href=\"https:\/\/smlfashion.pl\/glowna\/264-tara-bawelniana-prazkowana-sukienki-mini-z-wycieciami.html\"><img loading=\"lazy\" decoding=\"async\" class=\"wp-image-1372 size-full\" title=\"Tara bawe\u0142niana pr\u0105\u017ckowana sukienki\" src=\"https:\/\/smlfashion.pl\/blog\/wp-content\/uploads\/2021\/04\/tara-bawelniana-prazkowana-sukienki-mini-z-wycieciami.jpg\" alt=\"tara-bawelniana-prazkowana-sukienki-mini-z-wycieciami\" width=\"800\" height=\"800\" srcset=\"https:\/\/smlfashion.pl\/blog\/wp-content\/uploads\/2021\/04\/tara-bawelniana-prazkowana-sukienki-mini-z-wycieciami.jpg 800w, https:\/\/smlfashion.pl\/blog\/wp-content\/uploads\/2021\/04\/tara-bawelniana-prazkowana-sukienki-mini-z-wycieciami-300x300.jpg 300w, https:\/\/smlfashion.pl\/blog\/wp-content\/uploads\/2021\/04\/tara-bawelniana-prazkowana-sukienki-mini-z-wycieciami-150x150.jpg 150w, https:\/\/smlfashion.pl\/blog\/wp-content\/uploads\/2021\/04\/tara-bawelniana-prazkowana-sukienki-mini-z-wycieciami-768x768.jpg 768w\" sizes=\"(max-width: 800px) 100vw, 800px\" \/><\/a><figcaption id=\"caption-attachment-1372\" class=\"wp-caption-text\"><a href=\"https:\/\/smlfashion.pl\/glowna\/264-tara-bawelniana-prazkowana-sukienki-mini-z-wycieciami.html\">Tara bawe\u0142niana pr\u0105\u017ckowana sukienki<\/a><\/figcaption><\/figure>\n<h1><\/h1>\n<h1 style=\"text-align: center;\"><a href=\"https:\/\/smlfashion.pl\/glowna\/175-jodie-bawelniana-prazkowana-czerwona-bluzeczka-z-guziczkami.html\">Jodie pr\u0105\u017ckowana czerwona bluzeczka\u00a0<\/a> 69,99z\u0142<\/h1>\n<figure id=\"attachment_1374\" aria-describedby=\"caption-attachment-1374\" style=\"width: 800px\" class=\"wp-caption aligncenter\"><a href=\"https:\/\/smlfashion.pl\/glowna\/175-jodie-bawelniana-prazkowana-czerwona-bluzeczka-z-guziczkami.html\"><img loading=\"lazy\" decoding=\"async\" class=\"wp-image-1374 size-full\" title=\"Jodie pr\u0105\u017ckowana czerwona bluzeczka\" src=\"https:\/\/smlfashion.pl\/blog\/wp-content\/uploads\/2021\/04\/jodie-bawelniana-prazkowana-czerwona-bluzeczka-z-guziczkami-1.jpg\" alt=\"jodie-bawelniana-prazkowana-czerwona-bluzeczka-z-guziczkami (1)\" width=\"800\" height=\"800\" srcset=\"https:\/\/smlfashion.pl\/blog\/wp-content\/uploads\/2021\/04\/jodie-bawelniana-prazkowana-czerwona-bluzeczka-z-guziczkami-1.jpg 800w, https:\/\/smlfashion.pl\/blog\/wp-content\/uploads\/2021\/04\/jodie-bawelniana-prazkowana-czerwona-bluzeczka-z-guziczkami-1-300x300.jpg 300w, https:\/\/smlfashion.pl\/blog\/wp-content\/uploads\/2021\/04\/jodie-bawelniana-prazkowana-czerwona-bluzeczka-z-guziczkami-1-150x150.jpg 150w, https:\/\/smlfashion.pl\/blog\/wp-content\/uploads\/2021\/04\/jodie-bawelniana-prazkowana-czerwona-bluzeczka-z-guziczkami-1-768x768.jpg 768w\" sizes=\"(max-width: 800px) 100vw, 800px\" \/><\/a><figcaption id=\"caption-attachment-1374\" class=\"wp-caption-text\"><a href=\"https:\/\/smlfashion.pl\/glowna\/175-jodie-bawelniana-prazkowana-czerwona-bluzeczka-z-guziczkami.html\">Jodie pr\u0105\u017ckowana czerwona bluzeczka<\/a><\/figcaption><\/figure>\n<figure id=\"attachment_1375\" aria-describedby=\"caption-attachment-1375\" style=\"width: 800px\" class=\"wp-caption aligncenter\"><a href=\"https:\/\/smlfashion.pl\/glowna\/175-jodie-bawelniana-prazkowana-czerwona-bluzeczka-z-guziczkami.html\"><img loading=\"lazy\" decoding=\"async\" class=\"wp-image-1375 size-full\" title=\"Jodie pr\u0105\u017ckowana czerwona bluzeczka\" src=\"https:\/\/smlfashion.pl\/blog\/wp-content\/uploads\/2021\/04\/jodie-bawelniana-prazkowana-czerwona-bluzeczka-z-guziczkami.jpg\" alt=\"jodie-bawelniana-prazkowana-czerwona-bluzeczka-z-guziczkami\" width=\"800\" height=\"800\" srcset=\"https:\/\/smlfashion.pl\/blog\/wp-content\/uploads\/2021\/04\/jodie-bawelniana-prazkowana-czerwona-bluzeczka-z-guziczkami.jpg 800w, https:\/\/smlfashion.pl\/blog\/wp-content\/uploads\/2021\/04\/jodie-bawelniana-prazkowana-czerwona-bluzeczka-z-guziczkami-300x300.jpg 300w, https:\/\/smlfashion.pl\/blog\/wp-content\/uploads\/2021\/04\/jodie-bawelniana-prazkowana-czerwona-bluzeczka-z-guziczkami-150x150.jpg 150w, https:\/\/smlfashion.pl\/blog\/wp-content\/uploads\/2021\/04\/jodie-bawelniana-prazkowana-czerwona-bluzeczka-z-guziczkami-768x768.jpg 768w\" sizes=\"(max-width: 800px) 100vw, 800px\" \/><\/a><figcaption id=\"caption-attachment-1375\" class=\"wp-caption-text\"><a href=\"https:\/\/smlfashion.pl\/glowna\/175-jodie-bawelniana-prazkowana-czerwona-bluzeczka-z-guziczkami.html\">Jodie pr\u0105\u017ckowana czerwona bluzeczka<\/a><\/figcaption><\/figure>\n<h1><\/h1>\n<h1 style=\"text-align: center;\"><a href=\"https:\/\/smlfashion.pl\/glowna\/249-agota-jasnobezowe-sztruksowe-legginsy-damskie-w-wysokim-stanem.html\">Agota Jasnobe\u017cowe sztruksowe legginsy damskie<\/a> 69,99z\u0142<\/h1>\n<figure id=\"attachment_1376\" aria-describedby=\"caption-attachment-1376\" style=\"width: 800px\" class=\"wp-caption aligncenter\"><a href=\"https:\/\/smlfashion.pl\/glowna\/249-agota-jasnobezowe-sztruksowe-legginsy-damskie-w-wysokim-stanem.html\"><img loading=\"lazy\" decoding=\"async\" class=\"wp-image-1376 size-full\" title=\"Agota Jasnobe\u017cowe sztruksowe legginsy damskie\" src=\"https:\/\/smlfashion.pl\/blog\/wp-content\/uploads\/2021\/04\/agota-jasnobezowe-sztruksowe-legginsy-damskie-w-wysokim-stanem-1.jpg\" alt=\"agota-jasnobezowe-sztruksowe-legginsy-damskie-w-wysokim-stanem (1)\" width=\"800\" height=\"800\" srcset=\"https:\/\/smlfashion.pl\/blog\/wp-content\/uploads\/2021\/04\/agota-jasnobezowe-sztruksowe-legginsy-damskie-w-wysokim-stanem-1.jpg 800w, https:\/\/smlfashion.pl\/blog\/wp-content\/uploads\/2021\/04\/agota-jasnobezowe-sztruksowe-legginsy-damskie-w-wysokim-stanem-1-300x300.jpg 300w, https:\/\/smlfashion.pl\/blog\/wp-content\/uploads\/2021\/04\/agota-jasnobezowe-sztruksowe-legginsy-damskie-w-wysokim-stanem-1-150x150.jpg 150w, https:\/\/smlfashion.pl\/blog\/wp-content\/uploads\/2021\/04\/agota-jasnobezowe-sztruksowe-legginsy-damskie-w-wysokim-stanem-1-768x768.jpg 768w\" sizes=\"(max-width: 800px) 100vw, 800px\" \/><\/a><figcaption id=\"caption-attachment-1376\" class=\"wp-caption-text\"><a href=\"https:\/\/smlfashion.pl\/glowna\/249-agota-jasnobezowe-sztruksowe-legginsy-damskie-w-wysokim-stanem.html\">Agota Jasnobe\u017cowe sztruksowe legginsy damskie<\/a><\/figcaption><\/figure>\n<figure id=\"attachment_1377\" aria-describedby=\"caption-attachment-1377\" style=\"width: 800px\" class=\"wp-caption aligncenter\"><a href=\"https:\/\/smlfashion.pl\/glowna\/249-agota-jasnobezowe-sztruksowe-legginsy-damskie-w-wysokim-stanem.html\"><img loading=\"lazy\" decoding=\"async\" class=\"wp-image-1377 size-full\" title=\"Agota Jasnobe\u017cowe sztruksowe legginsy damskie\" src=\"https:\/\/smlfashion.pl\/blog\/wp-content\/uploads\/2021\/04\/agota-jasnobezowe-sztruksowe-legginsy-damskie-w-wysokim-stanem.jpg\" alt=\"agota-jasnobezowe-sztruksowe-legginsy-damskie-w-wysokim-stanem\" width=\"800\" height=\"800\" srcset=\"https:\/\/smlfashion.pl\/blog\/wp-content\/uploads\/2021\/04\/agota-jasnobezowe-sztruksowe-legginsy-damskie-w-wysokim-stanem.jpg 800w, https:\/\/smlfashion.pl\/blog\/wp-content\/uploads\/2021\/04\/agota-jasnobezowe-sztruksowe-legginsy-damskie-w-wysokim-stanem-300x300.jpg 300w, https:\/\/smlfashion.pl\/blog\/wp-content\/uploads\/2021\/04\/agota-jasnobezowe-sztruksowe-legginsy-damskie-w-wysokim-stanem-150x150.jpg 150w, https:\/\/smlfashion.pl\/blog\/wp-content\/uploads\/2021\/04\/agota-jasnobezowe-sztruksowe-legginsy-damskie-w-wysokim-stanem-768x768.jpg 768w\" sizes=\"(max-width: 800px) 100vw, 800px\" \/><\/a><figcaption id=\"caption-attachment-1377\" class=\"wp-caption-text\"><a href=\"https:\/\/smlfashion.pl\/glowna\/249-agota-jasnobezowe-sztruksowe-legginsy-damskie-w-wysokim-stanem.html\">Agota Jasnobe\u017cowe sztruksowe legginsy damskie<\/a><\/figcaption><\/figure>\n<h1><\/h1>\n<h1 style=\"text-align: center;\"><a href=\"https:\/\/smlfashion.pl\/glowna\/208-abella-wygodne-szare-bawelniane-spodnie-prazkowane-z-wysokim-stanem.html\">Abella WYGODNE SZARE BAWE\u0141NIANE SPODNIE<\/a> 69,99z\u0142<\/h1>\n<figure id=\"attachment_1379\" aria-describedby=\"caption-attachment-1379\" style=\"width: 800px\" class=\"wp-caption aligncenter\"><a href=\"https:\/\/smlfashion.pl\/glowna\/208-abella-wygodne-szare-bawelniane-spodnie-prazkowane-z-wysokim-stanem.html\"><img loading=\"lazy\" decoding=\"async\" class=\"wp-image-1379 size-full\" title=\"Abella WYGODNE SZARE BAWE\u0141NIANE SPODNIE\" src=\"https:\/\/smlfashion.pl\/blog\/wp-content\/uploads\/2021\/04\/abella-wygodne-szare-bawelniane-spodnie-prazkowane-z-wysokim-stanem-1.jpg\" alt=\"abella-wygodne-szare-bawelniane-spodnie-prazkowane-z-wysokim-stanem (1)\" width=\"800\" height=\"800\" srcset=\"https:\/\/smlfashion.pl\/blog\/wp-content\/uploads\/2021\/04\/abella-wygodne-szare-bawelniane-spodnie-prazkowane-z-wysokim-stanem-1.jpg 800w, https:\/\/smlfashion.pl\/blog\/wp-content\/uploads\/2021\/04\/abella-wygodne-szare-bawelniane-spodnie-prazkowane-z-wysokim-stanem-1-300x300.jpg 300w, https:\/\/smlfashion.pl\/blog\/wp-content\/uploads\/2021\/04\/abella-wygodne-szare-bawelniane-spodnie-prazkowane-z-wysokim-stanem-1-150x150.jpg 150w, https:\/\/smlfashion.pl\/blog\/wp-content\/uploads\/2021\/04\/abella-wygodne-szare-bawelniane-spodnie-prazkowane-z-wysokim-stanem-1-768x768.jpg 768w\" sizes=\"(max-width: 800px) 100vw, 800px\" \/><\/a><figcaption id=\"caption-attachment-1379\" class=\"wp-caption-text\"><a href=\"https:\/\/smlfashion.pl\/glowna\/208-abella-wygodne-szare-bawelniane-spodnie-prazkowane-z-wysokim-stanem.html\">Abella WYGODNE SZARE BAWE\u0141NIANE SPODNIE<\/a><\/figcaption><\/figure>\n<figure id=\"attachment_1380\" aria-describedby=\"caption-attachment-1380\" style=\"width: 800px\" class=\"wp-caption aligncenter\"><a href=\"https:\/\/smlfashion.pl\/glowna\/208-abella-wygodne-szare-bawelniane-spodnie-prazkowane-z-wysokim-stanem.html\"><img loading=\"lazy\" decoding=\"async\" class=\"wp-image-1380 size-full\" title=\"Abella WYGODNE SZARE BAWE\u0141NIANE SPODNIE\" src=\"https:\/\/smlfashion.pl\/blog\/wp-content\/uploads\/2021\/04\/abella-wygodne-szare-bawelniane-spodnie-prazkowane-z-wysokim-stanem.jpg\" alt=\"abella-wygodne-szare-bawelniane-spodnie-prazkowane-z-wysokim-stanem\" width=\"800\" height=\"800\" srcset=\"https:\/\/smlfashion.pl\/blog\/wp-content\/uploads\/2021\/04\/abella-wygodne-szare-bawelniane-spodnie-prazkowane-z-wysokim-stanem.jpg 800w, https:\/\/smlfashion.pl\/blog\/wp-content\/uploads\/2021\/04\/abella-wygodne-szare-bawelniane-spodnie-prazkowane-z-wysokim-stanem-300x300.jpg 300w, https:\/\/smlfashion.pl\/blog\/wp-content\/uploads\/2021\/04\/abella-wygodne-szare-bawelniane-spodnie-prazkowane-z-wysokim-stanem-150x150.jpg 150w, https:\/\/smlfashion.pl\/blog\/wp-content\/uploads\/2021\/04\/abella-wygodne-szare-bawelniane-spodnie-prazkowane-z-wysokim-stanem-768x768.jpg 768w\" sizes=\"(max-width: 800px) 100vw, 800px\" \/><\/a><figcaption id=\"caption-attachment-1380\" class=\"wp-caption-text\"><a href=\"https:\/\/smlfashion.pl\/glowna\/208-abella-wygodne-szare-bawelniane-spodnie-prazkowane-z-wysokim-stanem.html\">Abella WYGODNE SZARE BAWE\u0141NIANE SPODNIE<\/a><\/figcaption><\/figure>\n<h1 style=\"text-align: center;\"><a href=\"https:\/\/smlfashion.pl\/glowna\/211-caitlin-krotki-kombinezon-elegancki-w-stylu-hiszpanskim-krotki-pudrowy-roz.html#\/35-kolor-rozowy\/37-rozmiar-uniwersalny\">Caitlin kr\u00f3tki kombinezon elegancki w stylu hiszpa\u0144skim z falbank\u0105 z odkrytymi ramionami <\/a>79,99z\u0142<\/h1>\n<figure id=\"attachment_1366\" aria-describedby=\"caption-attachment-1366\" style=\"width: 800px\" class=\"wp-caption aligncenter\"><a href=\"https:\/\/smlfashion.pl\/glowna\/211-caitlin-krotki-kombinezon-elegancki-w-stylu-hiszpanskim-krotki-pudrowy-roz.html#\/35-kolor-rozowy\/37-rozmiar-uniwersalny\"><img loading=\"lazy\" decoding=\"async\" class=\"wp-image-1366 size-full\" title=\"Caitlin kr\u00f3tki kombinezon elegancki w stylu hiszpa\u0144skim z falbank\u0105 z odkrytymi ramionami\" src=\"https:\/\/smlfashion.pl\/blog\/wp-content\/uploads\/2021\/04\/caitlin-krotki-kombinezon-elegancki-w-stylu-hiszpanskim-krotki-pudrowy-roz-1.jpg\" alt=\"caitlin-krotki-kombinezon-elegancki-w-stylu-hiszpanskim-krotki-pudrowy-roz (1)\" width=\"800\" height=\"800\" srcset=\"https:\/\/smlfashion.pl\/blog\/wp-content\/uploads\/2021\/04\/caitlin-krotki-kombinezon-elegancki-w-stylu-hiszpanskim-krotki-pudrowy-roz-1.jpg 800w, https:\/\/smlfashion.pl\/blog\/wp-content\/uploads\/2021\/04\/caitlin-krotki-kombinezon-elegancki-w-stylu-hiszpanskim-krotki-pudrowy-roz-1-300x300.jpg 300w, https:\/\/smlfashion.pl\/blog\/wp-content\/uploads\/2021\/04\/caitlin-krotki-kombinezon-elegancki-w-stylu-hiszpanskim-krotki-pudrowy-roz-1-150x150.jpg 150w, https:\/\/smlfashion.pl\/blog\/wp-content\/uploads\/2021\/04\/caitlin-krotki-kombinezon-elegancki-w-stylu-hiszpanskim-krotki-pudrowy-roz-1-768x768.jpg 768w\" sizes=\"(max-width: 800px) 100vw, 800px\" \/><\/a><figcaption id=\"caption-attachment-1366\" class=\"wp-caption-text\"><a href=\"https:\/\/smlfashion.pl\/glowna\/211-caitlin-krotki-kombinezon-elegancki-w-stylu-hiszpanskim-krotki-pudrowy-roz.html#\/35-kolor-rozowy\/37-rozmiar-uniwersalny\">Caitlin kr\u00f3tki kombinezon elegancki w stylu hiszpa\u0144skim z falbank\u0105 z odkrytymi ramionami<\/a><\/figcaption><\/figure>\n<figure id=\"attachment_1367\" aria-describedby=\"caption-attachment-1367\" style=\"width: 800px\" class=\"wp-caption aligncenter\"><a href=\"https:\/\/smlfashion.pl\/glowna\/211-caitlin-krotki-kombinezon-elegancki-w-stylu-hiszpanskim-krotki-pudrowy-roz.html#\/35-kolor-rozowy\/37-rozmiar-uniwersalny\"><img loading=\"lazy\" decoding=\"async\" class=\"wp-image-1367 size-full\" title=\"Caitlin kr\u00f3tki kombinezon elegancki w stylu hiszpa\u0144skim z falbank\u0105 z odkrytymi ramionami\" src=\"https:\/\/smlfashion.pl\/blog\/wp-content\/uploads\/2021\/04\/caitlin-krotki-kombinezon-elegancki-w-stylu-hiszpanskim-krotki-pudrowy-roz.jpg\" alt=\"caitlin-krotki-kombinezon-elegancki-w-stylu-hiszpanskim-krotki-pudrowy-roz\" width=\"800\" height=\"800\" srcset=\"https:\/\/smlfashion.pl\/blog\/wp-content\/uploads\/2021\/04\/caitlin-krotki-kombinezon-elegancki-w-stylu-hiszpanskim-krotki-pudrowy-roz.jpg 800w, https:\/\/smlfashion.pl\/blog\/wp-content\/uploads\/2021\/04\/caitlin-krotki-kombinezon-elegancki-w-stylu-hiszpanskim-krotki-pudrowy-roz-300x300.jpg 300w, https:\/\/smlfashion.pl\/blog\/wp-content\/uploads\/2021\/04\/caitlin-krotki-kombinezon-elegancki-w-stylu-hiszpanskim-krotki-pudrowy-roz-150x150.jpg 150w, https:\/\/smlfashion.pl\/blog\/wp-content\/uploads\/2021\/04\/caitlin-krotki-kombinezon-elegancki-w-stylu-hiszpanskim-krotki-pudrowy-roz-768x768.jpg 768w\" sizes=\"(max-width: 800px) 100vw, 800px\" \/><\/a><figcaption id=\"caption-attachment-1367\" class=\"wp-caption-text\"><a href=\"https:\/\/smlfashion.pl\/glowna\/211-caitlin-krotki-kombinezon-elegancki-w-stylu-hiszpanskim-krotki-pudrowy-roz.html#\/35-kolor-rozowy\/37-rozmiar-uniwersalny\">Caitlin kr\u00f3tki kombinezon elegancki w stylu hiszpa\u0144skim z falbank\u0105 z odkrytymi ramionami<\/a><\/figcaption><\/figure>\n<h1 style=\"text-align: center;\"><a href=\"https:\/\/smlfashion.pl\/sukienki-smlfashion\/109-charlie-czarna-dopasowana-sukienka-prazkowana-mini-basic.html\">Charlie Czarna dopasowana sukienka<\/a> &#8211; 69,99z\u0142<\/h1>\n<figure id=\"attachment_1359\" aria-describedby=\"caption-attachment-1359\" style=\"width: 800px\" class=\"wp-caption aligncenter\"><a href=\"https:\/\/smlfashion.pl\/sukienki-smlfashion\/109-charlie-czarna-dopasowana-sukienka-prazkowana-mini-basic.html\"><img loading=\"lazy\" decoding=\"async\" class=\"wp-image-1359 size-full\" title=\"Charlie Czarna dopasowana sukienka pr\u0105\u017ckowana mini, basic\" src=\"https:\/\/smlfashion.pl\/blog\/wp-content\/uploads\/2021\/04\/charlie-czarna-dopasowana-sukienka-prazkowana-mini-basic-1.jpg\" alt=\"charlie-czarna-dopasowana-sukienka-prazkowana-mini-basic (1)\" width=\"800\" height=\"800\" srcset=\"https:\/\/smlfashion.pl\/blog\/wp-content\/uploads\/2021\/04\/charlie-czarna-dopasowana-sukienka-prazkowana-mini-basic-1.jpg 800w, https:\/\/smlfashion.pl\/blog\/wp-content\/uploads\/2021\/04\/charlie-czarna-dopasowana-sukienka-prazkowana-mini-basic-1-300x300.jpg 300w, https:\/\/smlfashion.pl\/blog\/wp-content\/uploads\/2021\/04\/charlie-czarna-dopasowana-sukienka-prazkowana-mini-basic-1-150x150.jpg 150w, https:\/\/smlfashion.pl\/blog\/wp-content\/uploads\/2021\/04\/charlie-czarna-dopasowana-sukienka-prazkowana-mini-basic-1-768x768.jpg 768w\" sizes=\"(max-width: 800px) 100vw, 800px\" \/><\/a><figcaption id=\"caption-attachment-1359\" class=\"wp-caption-text\"><a href=\"https:\/\/smlfashion.pl\/sukienki-smlfashion\/109-charlie-czarna-dopasowana-sukienka-prazkowana-mini-basic.html\">Charlie Czarna dopasowana sukienka pr\u0105\u017ckowana mini, basic<\/a><\/figcaption><\/figure>\n<p style=\"text-align: center;\"><a href=\"https:\/\/smlfashion.pl\/sukienki-smlfashion\/323-victoria-olowkowa-czarna-prazkowana-sukienka-bawelniana-mini.html\"><span class=\"\">Czarna dopasowana <\/span><mark class=\"css-5xthqv-boldHighlight \">sukienka pr\u0105\u017ckowana<\/mark><span class=\"\"> mini<\/span><\/a><\/p>\n<p>&nbsp;<\/p>\n<p>&nbsp;<\/p>\n<figure id=\"attachment_1360\" aria-describedby=\"caption-attachment-1360\" style=\"width: 800px\" class=\"wp-caption aligncenter\"><a href=\"https:\/\/smlfashion.pl\/sukienki-smlfashion\/109-charlie-czarna-dopasowana-sukienka-prazkowana-mini-basic.html\"><img loading=\"lazy\" decoding=\"async\" class=\"wp-image-1360 size-full\" title=\"Charlie Czarna dopasowana sukienka pr\u0105\u017ckowana mini, basic\" src=\"https:\/\/smlfashion.pl\/blog\/wp-content\/uploads\/2021\/04\/charlie-czarna-dopasowana-sukienka-prazkowana-mini-basic.jpg\" alt=\"charlie-czarna-dopasowana-sukienka-prazkowana-mini-basic\" width=\"800\" height=\"800\" srcset=\"https:\/\/smlfashion.pl\/blog\/wp-content\/uploads\/2021\/04\/charlie-czarna-dopasowana-sukienka-prazkowana-mini-basic.jpg 800w, https:\/\/smlfashion.pl\/blog\/wp-content\/uploads\/2021\/04\/charlie-czarna-dopasowana-sukienka-prazkowana-mini-basic-300x300.jpg 300w, https:\/\/smlfashion.pl\/blog\/wp-content\/uploads\/2021\/04\/charlie-czarna-dopasowana-sukienka-prazkowana-mini-basic-150x150.jpg 150w, https:\/\/smlfashion.pl\/blog\/wp-content\/uploads\/2021\/04\/charlie-czarna-dopasowana-sukienka-prazkowana-mini-basic-768x768.jpg 768w\" sizes=\"(max-width: 800px) 100vw, 800px\" \/><\/a><figcaption id=\"caption-attachment-1360\" class=\"wp-caption-text\"><a href=\"https:\/\/smlfashion.pl\/sukienki-smlfashion\/109-charlie-czarna-dopasowana-sukienka-prazkowana-mini-basic.html\">Charlie Czarna dopasowana sukienka pr\u0105\u017ckowana mini, basic<\/a><\/figcaption><\/figure>\n","protected":false},"excerpt":{"rendered":"<p>Szukamy influencerek &#8211; sprawd\u017a mo\u017ce,\u00a0 to w\u0142a\u015bnie Ciebie!<\/p>\n","protected":false},"author":1,"featured_media":1381,"comment_status":"open","ping_status":"open","sticky":false,"template":"","format":"image","meta":{"footnotes":""},"categories":[228],"tags":[1007,73,303,306,106,164,308,307,1004,16,1009,1008,309,528,1005,1006],"yoast_head":"<!-- This site is optimized with the Yoast SEO plugin v20.4 - https:\/\/yoast.com\/wordpress\/plugins\/seo\/ -->\n<title>Wsp\u00f3\u0142praca kampania modowa blogerki, influencerki - szukamy... - blog modowy smlfashion.pl<\/title>\n<meta name=\"robots\" content=\"index, follow, max-snippet:-1, max-image-preview:large, max-video-preview:-1\" \/>\n<link rel=\"canonical\" href=\"https:\/\/smlfashion.pl\/blog\/wspolpraca-kampania-modowa-blogerki-influencerki-szukamy\/\" \/>\n<meta property=\"og:locale\" content=\"pl_PL\" \/>\n<meta property=\"og:type\" content=\"article\" \/>\n<meta property=\"og:title\" content=\"Wsp\u00f3\u0142praca kampania modowa blogerki, influencerki - szukamy... - blog modowy smlfashion.pl\" \/>\n<meta property=\"og:description\" content=\"Szukamy influencerek &#8211; sprawd\u017a mo\u017ce,\u00a0 to w\u0142a\u015bnie Ciebie!\" \/>\n<meta property=\"og:url\" content=\"https:\/\/smlfashion.pl\/blog\/wspolpraca-kampania-modowa-blogerki-influencerki-szukamy\/\" \/>\n<meta property=\"og:site_name\" content=\"blog modowy smlfashion.pl\" \/>\n<meta property=\"article:published_time\" content=\"2021-04-01T16:28:11+00:00\" \/>\n<meta property=\"article:modified_time\" content=\"2022-05-09T11:19:04+00:00\" \/>\n<meta property=\"og:image\" content=\"https:\/\/smlfashion.pl\/blog\/wp-content\/uploads\/2021\/04\/influencerki-wspolpraca-barter-Duzy.jpeg\" \/>\n\t<meta property=\"og:image:width\" content=\"1620\" \/>\n\t<meta property=\"og:image:height\" content=\"1080\" \/>\n\t<meta property=\"og:image:type\" content=\"image\/jpeg\" \/>\n<meta name=\"author\" content=\"smlfashion\" \/>\n<meta name=\"twitter:card\" content=\"summary_large_image\" \/>\n<meta name=\"twitter:label1\" content=\"Napisane przez\" \/>\n\t<meta name=\"twitter:data1\" content=\"smlfashion\" \/>\n\t<meta name=\"twitter:label2\" content=\"Szacowany czas czytania\" \/>\n\t<meta name=\"twitter:data2\" content=\"6 minut\" \/>\n<script type=\"application\/ld+json\" class=\"yoast-schema-graph\">{\"@context\":\"https:\/\/schema.org\",\"@graph\":[{\"@type\":\"WebPage\",\"@id\":\"https:\/\/smlfashion.pl\/blog\/wspolpraca-kampania-modowa-blogerki-influencerki-szukamy\/\",\"url\":\"https:\/\/smlfashion.pl\/blog\/wspolpraca-kampania-modowa-blogerki-influencerki-szukamy\/\",\"name\":\"Wsp\u00f3\u0142praca kampania modowa blogerki, influencerki - szukamy... - blog modowy smlfashion.pl\",\"isPartOf\":{\"@id\":\"https:\/\/smlfashion.pl\/blog\/#website\"},\"datePublished\":\"2021-04-01T16:28:11+00:00\",\"dateModified\":\"2022-05-09T11:19:04+00:00\",\"author\":{\"@id\":\"https:\/\/smlfashion.pl\/blog\/#\/schema\/person\/45312f4ceaeb56089a3ae1390b2d9423\"},\"breadcrumb\":{\"@id\":\"https:\/\/smlfashion.pl\/blog\/wspolpraca-kampania-modowa-blogerki-influencerki-szukamy\/#breadcrumb\"},\"inLanguage\":\"pl-PL\",\"potentialAction\":[{\"@type\":\"ReadAction\",\"target\":[\"https:\/\/smlfashion.pl\/blog\/wspolpraca-kampania-modowa-blogerki-influencerki-szukamy\/\"]}]},{\"@type\":\"BreadcrumbList\",\"@id\":\"https:\/\/smlfashion.pl\/blog\/wspolpraca-kampania-modowa-blogerki-influencerki-szukamy\/#breadcrumb\",\"itemListElement\":[{\"@type\":\"ListItem\",\"position\":1,\"name\":\"Strona g\u0142\u00f3wna\",\"item\":\"https:\/\/smlfashion.pl\/blog\/\"},{\"@type\":\"ListItem\",\"position\":2,\"name\":\"Wsp\u00f3\u0142praca kampania modowa blogerki, influencerki &#8211; szukamy&#8230;\"}]},{\"@type\":\"WebSite\",\"@id\":\"https:\/\/smlfashion.pl\/blog\/#website\",\"url\":\"https:\/\/smlfashion.pl\/blog\/\",\"name\":\"blog modowy smlfashion.pl\",\"description\":\"blog modowy smlfashion.pl - inspiracje, moda, trendy, stylizacje.\",\"potentialAction\":[{\"@type\":\"SearchAction\",\"target\":{\"@type\":\"EntryPoint\",\"urlTemplate\":\"https:\/\/smlfashion.pl\/blog\/?s={search_term_string}\"},\"query-input\":\"required name=search_term_string\"}],\"inLanguage\":\"pl-PL\"},{\"@type\":\"Person\",\"@id\":\"https:\/\/smlfashion.pl\/blog\/#\/schema\/person\/45312f4ceaeb56089a3ae1390b2d9423\",\"name\":\"smlfashion\",\"sameAs\":[\"http:\/\/smlfashion.pl\/blog\"],\"url\":\"https:\/\/smlfashion.pl\/blog\/author\/smlfashion\/\"}]}<\/script>\n<!-- \/ Yoast SEO plugin. -->","yoast_head_json":{"title":"Wsp\u00f3\u0142praca kampania modowa blogerki, influencerki - szukamy... - blog modowy smlfashion.pl","robots":{"index":"index","follow":"follow","max-snippet":"max-snippet:-1","max-image-preview":"max-image-preview:large","max-video-preview":"max-video-preview:-1"},"canonical":"https:\/\/smlfashion.pl\/blog\/wspolpraca-kampania-modowa-blogerki-influencerki-szukamy\/","og_locale":"pl_PL","og_type":"article","og_title":"Wsp\u00f3\u0142praca kampania modowa blogerki, influencerki - szukamy... - blog modowy smlfashion.pl","og_description":"Szukamy influencerek &#8211; sprawd\u017a mo\u017ce,\u00a0 to w\u0142a\u015bnie Ciebie!","og_url":"https:\/\/smlfashion.pl\/blog\/wspolpraca-kampania-modowa-blogerki-influencerki-szukamy\/","og_site_name":"blog modowy smlfashion.pl","article_published_time":"2021-04-01T16:28:11+00:00","article_modified_time":"2022-05-09T11:19:04+00:00","og_image":[{"width":1620,"height":1080,"url":"https:\/\/smlfashion.pl\/blog\/wp-content\/uploads\/2021\/04\/influencerki-wspolpraca-barter-Duzy.jpeg","type":"image\/jpeg"}],"author":"smlfashion","twitter_card":"summary_large_image","twitter_misc":{"Napisane przez":"smlfashion","Szacowany czas czytania":"6 minut"},"schema":{"@context":"https:\/\/schema.org","@graph":[{"@type":"WebPage","@id":"https:\/\/smlfashion.pl\/blog\/wspolpraca-kampania-modowa-blogerki-influencerki-szukamy\/","url":"https:\/\/smlfashion.pl\/blog\/wspolpraca-kampania-modowa-blogerki-influencerki-szukamy\/","name":"Wsp\u00f3\u0142praca kampania modowa blogerki, influencerki - szukamy... - blog modowy smlfashion.pl","isPartOf":{"@id":"https:\/\/smlfashion.pl\/blog\/#website"},"datePublished":"2021-04-01T16:28:11+00:00","dateModified":"2022-05-09T11:19:04+00:00","author":{"@id":"https:\/\/smlfashion.pl\/blog\/#\/schema\/person\/45312f4ceaeb56089a3ae1390b2d9423"},"breadcrumb":{"@id":"https:\/\/smlfashion.pl\/blog\/wspolpraca-kampania-modowa-blogerki-influencerki-szukamy\/#breadcrumb"},"inLanguage":"pl-PL","potentialAction":[{"@type":"ReadAction","target":["https:\/\/smlfashion.pl\/blog\/wspolpraca-kampania-modowa-blogerki-influencerki-szukamy\/"]}]},{"@type":"BreadcrumbList","@id":"https:\/\/smlfashion.pl\/blog\/wspolpraca-kampania-modowa-blogerki-influencerki-szukamy\/#breadcrumb","itemListElement":[{"@type":"ListItem","position":1,"name":"Strona g\u0142\u00f3wna","item":"https:\/\/smlfashion.pl\/blog\/"},{"@type":"ListItem","position":2,"name":"Wsp\u00f3\u0142praca kampania modowa blogerki, influencerki &#8211; szukamy&#8230;"}]},{"@type":"WebSite","@id":"https:\/\/smlfashion.pl\/blog\/#website","url":"https:\/\/smlfashion.pl\/blog\/","name":"blog modowy smlfashion.pl","description":"blog modowy smlfashion.pl - inspiracje, moda, trendy, stylizacje.","potentialAction":[{"@type":"SearchAction","target":{"@type":"EntryPoint","urlTemplate":"https:\/\/smlfashion.pl\/blog\/?s={search_term_string}"},"query-input":"required name=search_term_string"}],"inLanguage":"pl-PL"},{"@type":"Person","@id":"https:\/\/smlfashion.pl\/blog\/#\/schema\/person\/45312f4ceaeb56089a3ae1390b2d9423","name":"smlfashion","sameAs":["http:\/\/smlfashion.pl\/blog"],"url":"https:\/\/smlfashion.pl\/blog\/author\/smlfashion\/"}]}},"_links":{"self":[{"href":"https:\/\/smlfashion.pl\/blog\/wp-json\/wp\/v2\/posts\/1358"}],"collection":[{"href":"https:\/\/smlfashion.pl\/blog\/wp-json\/wp\/v2\/posts"}],"about":[{"href":"https:\/\/smlfashion.pl\/blog\/wp-json\/wp\/v2\/types\/post"}],"author":[{"embeddable":true,"href":"https:\/\/smlfashion.pl\/blog\/wp-json\/wp\/v2\/users\/1"}],"replies":[{"embeddable":true,"href":"https:\/\/smlfashion.pl\/blog\/wp-json\/wp\/v2\/comments?post=1358"}],"version-history":[{"count":8,"href":"https:\/\/smlfashion.pl\/blog\/wp-json\/wp\/v2\/posts\/1358\/revisions"}],"predecessor-version":[{"id":2337,"href":"https:\/\/smlfashion.pl\/blog\/wp-json\/wp\/v2\/posts\/1358\/revisions\/2337"}],"wp:featuredmedia":[{"embeddable":true,"href":"https:\/\/smlfashion.pl\/blog\/wp-json\/wp\/v2\/media\/1381"}],"wp:attachment":[{"href":"https:\/\/smlfashion.pl\/blog\/wp-json\/wp\/v2\/media?parent=1358"}],"wp:term":[{"taxonomy":"category","embeddable":true,"href":"https:\/\/smlfashion.pl\/blog\/wp-json\/wp\/v2\/categories?post=1358"},{"taxonomy":"post_tag","embeddable":true,"href":"https:\/\/smlfashion.pl\/blog\/wp-json\/wp\/v2\/tags?post=1358"}],"curies":[{"name":"wp","href":"https:\/\/api.w.org\/{rel}","templated":true}]}}